{"id":201645,"date":"2026-09-06T08:00:44","date_gmt":"2026-09-06T08:00:44","guid":{"rendered":"https:\/\/www.europesays.com\/afrique\/201645\/"},"modified":"2026-09-06T08:00:44","modified_gmt":"2026-09-06T08:00:44","slug":"uber-va-se-retirer-du-nigeria-apres-12-ans-dactivite-02-09-2026-a-1721-2","status":"publish","type":"post","link":"https:\/\/www.europesays.com\/afrique\/201645\/","title":{"rendered":"Uber va se retirer du Nigeria apr\u00e8s 12 ans d&rsquo;activit\u00e9 &#8211; 02\/09\/2026 \u00e0 17:21"},"content":{"rendered":"<p>\n ((Traduction automatis\u00e9e par Reuters \u00e0 l&rsquo;aide de l&rsquo;apprentissage<br \/>\nautomatique et de l&rsquo;IA g\u00e9n\u00e9rative, veuillez vous r\u00e9f\u00e9rer \u00e0<br \/>\nl&rsquo;avertissement suivant: https:\/\/bit.ly\/rtrsauto))\n<\/p>\n<p>\n La soci\u00e9t\u00e9 de VTC Uber<br \/>\nTechnologies cessera ses activit\u00e9s au Nigeria le 2 septembre,<br \/>\nmettant ainsi fin \u00e0 ses 12 ann\u00e9es de pr\u00e9sence dans le pays le<br \/>\nplus peupl\u00e9 d&rsquo;Afrique, a annonc\u00e9 mercredi l&rsquo;entreprise dans un<br \/>\ncommuniqu\u00e9 adress\u00e9 \u00e0 ses clients.\n<\/p>\n<p>\n Uber a d\u00e9cid\u00e9 de mettre fin \u00e0 ses activit\u00e9s au Nigeria apr\u00e8s<br \/>\navoir proc\u00e9d\u00e9 \u00e0 un bilan de ses op\u00e9rations, a-t-elle pr\u00e9cis\u00e9<br \/>\nsans donner plus de d\u00e9tails sur les raisons de cette d\u00e9cision.\n<\/p>\n<p>\n La concurrence sur le march\u00e9 nig\u00e9rian des services de VTC<br \/>\ns&rsquo;est intensifi\u00e9e ces derni\u00e8res ann\u00e9es, les op\u00e9rateurs \u00e9tant<br \/>\nconfront\u00e9s \u00e0 des difficult\u00e9s telles que la hausse des co\u00fbts du<br \/>\ncarburant, l&rsquo;inflation et la volatilit\u00e9 mon\u00e9taire, qui ont<br \/>\nalourdi les frais d&rsquo;exploitation et exerc\u00e9 une pression sur les<br \/>\nchauffeurs et les plateformes.\n<\/p>\n<p>\n \u201cApr\u00e8s un examen approfondi de notre activit\u00e9, nous avons<br \/>\npris la d\u00e9cision difficile de mettre fin \u00e0 nos op\u00e9rations au<br \/>\nNigeria, \u00e0 compter du 2 septembre 2026\u201d, a d\u00e9clar\u00e9 l\u2019entreprise<br \/>\ndans un message adress\u00e9 \u00e0 ses utilisateurs.\n<\/p>\n<p>\n L\u2019entr\u00e9e de cette entreprise bas\u00e9e \u00e0 San Francisco dans la<br \/>\nplus grande \u00e9conomie d\u2019Afrique de l\u2019Ouest a d\u00e9but\u00e9 par son<br \/>\nlancement \u00e0 Lagos en 2014, avant de s\u2019\u00e9tendre \u00e0 d\u2019autres villes<br \/>\ndu pays pour r\u00e9pondre \u00e0 la demande croissante de services de<br \/>\ntransport via application.\n<\/p>\n<p>\n Uber a pr\u00e9cis\u00e9 que son centre d\u2019aide resterait disponible<br \/>\njusqu\u2019au 23 septembre pour aider les utilisateurs \u00e0 r\u00e9gler les<br \/>\nprobl\u00e8mes en suspens li\u00e9s \u00e0 leur compte.\n<\/p>\n<p>\n Uber n\u2019a pas pr\u00e9cis\u00e9 combien de chauffeurs ou d\u2019usagers<br \/>\nseraient concern\u00e9s par cette fermeture, ni si des actifs<br \/>\nseraient vendus.<\/p>\n","protected":false},"excerpt":{"rendered":"((Traduction automatis\u00e9e par Reuters \u00e0 l&rsquo;aide de l&rsquo;apprentissage automatique et de l&rsquo;IA g\u00e9n\u00e9rative, veuillez vous r\u00e9f\u00e9rer \u00e0 l&rsquo;avertissement&hellip;\n","protected":false},"author":2,"featured_media":65681,"comment_status":"","ping_status":"","sticky":false,"template":"","format":"standard","meta":{"footnotes":"","_share_on_mastodon":"0"},"categories":[176],"tags":[593,591,601,598,596,595,592,597,192,594,599,600],"class_list":["post-201645","post","type-post","status-publish","format-standard","has-post-thumbnail","category-nigeria","tag-action-cac-40","tag-bourse-de-paris","tag-boursorama","tag-cotations","tag-indices-devises","tag-investir","tag-investissement","tag-marche-boursier","tag-nigeria","tag-sicav","tag-trackers","tag-warrants"],"share_on_mastodon":{"url":"https:\/\/pubeurope.com\/@afrique\/117223045725593413","error":""},"_links":{"self":[{"href":"https:\/\/www.europesays.com\/afrique\/wp-json\/wp\/v2\/posts\/201645","targetHints":{"allow":["GET"]}}],"collection":[{"href":"https:\/\/www.europesays.com\/afrique\/wp-json\/wp\/v2\/posts"}],"about":[{"href":"https:\/\/www.europesays.com\/afrique\/wp-json\/wp\/v2\/types\/post"}],"author":[{"embeddable":true,"href":"https:\/\/www.europesays.com\/afrique\/wp-json\/wp\/v2\/users\/2"}],"replies":[{"embeddable":true,"href":"https:\/\/www.europesays.com\/afrique\/wp-json\/wp\/v2\/comments?post=201645"}],"version-history":[{"count":0,"href":"https:\/\/www.europesays.com\/afrique\/wp-json\/wp\/v2\/posts\/201645\/revisions"}],"wp:featuredmedia":[{"embeddable":true,"href":"https:\/\/www.europesays.com\/afrique\/wp-json\/wp\/v2\/media\/65681"}],"wp:attachment":[{"href":"https:\/\/www.europesays.com\/afrique\/wp-json\/wp\/v2\/media?parent=201645"}],"wp:term":[{"taxonomy":"category","embeddable":true,"href":"https:\/\/www.europesays.com\/afrique\/wp-json\/wp\/v2\/categories?post=201645"},{"taxonomy":"post_tag","embeddable":true,"href":"https:\/\/www.europesays.com\/afrique\/wp-json\/wp\/v2\/tags?post=201645"}],"curies":[{"name":"wp","href":"https:\/\/api.w.org\/{rel}","templated":true}]}}