{"id":201700,"date":"2026-09-06T09:25:12","date_gmt":"2026-09-06T09:25:12","guid":{"rendered":"https:\/\/www.europesays.com\/afrique\/201700\/"},"modified":"2026-09-06T09:25:12","modified_gmt":"2026-09-06T09:25:12","slug":"la-tanzanie-a-fait-don-de-52-tonnes-de-medicaments-et-de-fournitures-medicales-a-la-republique-democratique-du-congo-pour-laider-a-lutter-contre-lepidemie-debola","status":"publish","type":"post","link":"https:\/\/www.europesays.com\/afrique\/201700\/","title":{"rendered":"La Tanzanie a fait don de 52 tonnes de m\u00e9dicaments et de fournitures m\u00e9dicales \u00e0 la R\u00e9publique d\u00e9mocratique du Congo pour l&rsquo;aider \u00e0 lutter contre l&rsquo;\u00e9pid\u00e9mie d&rsquo;Ebola."},"content":{"rendered":"<p><img decoding=\"async\" src=\"https:\/\/www.europesays.com\/afrique\/wp-content\/uploads\/2026\/09\/1788671162927_tanzania-vien-tro-52-tan-thuoc-va-vat-tu-y-te-cho-chdc-congo-ung-pho-dich-ebola-202609.webp\" class=\"__img_mastercms\" alt=\"Tanzania vi\u1ec7n tr\u1ee3 52 t\u1ea5n thu\u1ed1c v\u00e0 v\u1eadt t\u01b0 y t\u1ebf cho CHDC Congo \u1ee9ng ph\u00f3 d\u1ecbch Ebola. (Ngu\u1ed3n: The Respondents)\" style=\"max-width:100%; padding:0px; margin:0px;;cursor:pointer\" title=\"La Tanzanie a fait don de 52 tonnes de m\u00e9dicaments et de fournitures m\u00e9dicales \u00e0 la R\u00e9publique d\u00e9mocratique du Congo pour l'aider \u00e0 lutter contre l'\u00e9pid\u00e9mie d'Ebola. (Source\u00a0: Les r\u00e9pondants)\" data-pagespeed-url-hash=\"3335095517\" onload=\"pagespeed.CriticalImages.checkImageForCriticality(this);\"\/> Les envois d&rsquo;aide de la Tanzanie \u00e0 la R\u00e9publique d\u00e9mocratique du Congo. (Source\u00a0: Les personnes interrog\u00e9es)<\/p>\n<p> Le chargement d&rsquo;aide a \u00e9t\u00e9 remis \u00e0 Kinshasa par la vice-ministre tanzanienne <a class=\"data-link\" data-org-href=\"https:\/\/www.vietnam.vn\/fr\/category\/y-te\" href=\"https:\/\/www.vietnam.vn\/fr\/category\/y-te\" title=\"M\u00e9dical\" target=\"_blank\" rel=\"nofollow noopener\">de la Sant\u00e9<\/a> , Florence Samizi, au nom du gouvernement tanzanien.<\/p>\n<p> La cargaison comprenait des m\u00e9dicaments, des \u00e9quipements de protection pour les professionnels de la sant\u00e9, des dispositifs m\u00e9dicaux et d&rsquo;autres fournitures, destin\u00e9s \u00e0 am\u00e9liorer les soins et les traitements des patients et \u00e0 briser la cha\u00eene de transmission du virus Ebola.<\/p>\n<p> Lors de la c\u00e9r\u00e9monie de remise, Mme Samizi a d\u00e9clar\u00e9 que ce soutien s&rsquo;inscrivait dans le cadre des engagements pris par la Tanzanie lors de divers forums sanitaires, notamment la r\u00e9union en ligne du 16 juin entre les dirigeants et <a class=\"data-link\" data-org-href=\"https:\/\/www.vietnam.vn\/fr\/tag\/chinh-phu\" href=\"https:\/\/www.vietnam.vn\/fr\/tag\/chinh-phu\" title=\"gouvernement\" target=\"_blank\" rel=\"nofollow noopener\">les gouvernements<\/a> du monde entier sur la r\u00e9ponse \u00e0 l&rsquo;\u00e9pid\u00e9mie d&rsquo;Ebola.<\/p>\n<p> Elle a affirm\u00e9 que la Tanzanie reste d\u00e9termin\u00e9e \u00e0 renforcer la coop\u00e9ration r\u00e9gionale en mati\u00e8re de r\u00e9ponse aux urgences sanitaires qui franchissent les fronti\u00e8res nationales.<\/p>\n<p> Pour sa part, Romain Muboyayi, haut responsable du <a class=\"data-link\" data-org-href=\"https:\/\/www.vietnam.vn\/fr\/authors\/moh-gov-vn\" href=\"https:\/\/www.vietnam.vn\/fr\/authors\/moh-gov-vn\" title=\"minist\u00e8re de la Sant\u00e9\" target=\"_blank\" rel=\"nofollow noopener\">minist\u00e8re de la Sant\u00e9<\/a> de la R\u00e9publique d\u00e9mocratique du Congo, a exprim\u00e9 sa gratitude \u00e0 la Tanzanie pour son soutien, d\u00e9clarant que les m\u00e9dicaments et les fournitures m\u00e9dicales aideraient le gouvernement congolais \u00e0 contr\u00f4ler l&rsquo;\u00e9pid\u00e9mie d&rsquo;Ebola et \u00e0 prot\u00e9ger les travailleurs de la sant\u00e9 \u0153uvrant dans les communaut\u00e9s touch\u00e9es.<\/p>\n<p> D\u00e9but septembre 2026, la R\u00e9publique d\u00e9mocratique du Congo avait enregistr\u00e9 plus de 6 300 cas confirm\u00e9s d&rsquo;Ebola et plus de 3 000 d\u00e9c\u00e8s, dans ce qui \u00e9tait consid\u00e9r\u00e9 comme l&rsquo;\u00e9pid\u00e9mie la plus grave de l&rsquo;histoire du pays.<\/p>\n<p class=\"mb-0\"> Source : https:\/\/baoquocte.vn\/tanzania-vien-tro-52-tan-thuoc-va-vat-tu-y-te-cho-chdc-congo-ung-pho-dich-ebola-440533.html<\/p>\n","protected":false},"excerpt":{"rendered":"Les envois d&rsquo;aide de la Tanzanie \u00e0 la R\u00e9publique d\u00e9mocratique du Congo. (Source\u00a0: Les personnes interrog\u00e9es) Le chargement&hellip;\n","protected":false},"author":2,"featured_media":201701,"comment_status":"","ping_status":"","sticky":false,"template":"","format":"standard","meta":{"footnotes":"","_share_on_mastodon":"0"},"categories":[185],"tags":[61429,61430,860,304],"class_list":["post-201700","post","type-post","status-publish","format-standard","has-post-thumbnail","category-tanzanie","tag-cooperation-medicale","tag-epidemie-debola-en-republique-democratique-du-congo","tag-republique-democratique-du-congo","tag-tanzanie"],"share_on_mastodon":{"url":"https:\/\/pubeurope.com\/@afrique\/117223380052644849","error":""},"_links":{"self":[{"href":"https:\/\/www.europesays.com\/afrique\/wp-json\/wp\/v2\/posts\/201700","targetHints":{"allow":["GET"]}}],"collection":[{"href":"https:\/\/www.europesays.com\/afrique\/wp-json\/wp\/v2\/posts"}],"about":[{"href":"https:\/\/www.europesays.com\/afrique\/wp-json\/wp\/v2\/types\/post"}],"author":[{"embeddable":true,"href":"https:\/\/www.europesays.com\/afrique\/wp-json\/wp\/v2\/users\/2"}],"replies":[{"embeddable":true,"href":"https:\/\/www.europesays.com\/afrique\/wp-json\/wp\/v2\/comments?post=201700"}],"version-history":[{"count":0,"href":"https:\/\/www.europesays.com\/afrique\/wp-json\/wp\/v2\/posts\/201700\/revisions"}],"wp:featuredmedia":[{"embeddable":true,"href":"https:\/\/www.europesays.com\/afrique\/wp-json\/wp\/v2\/media\/201701"}],"wp:attachment":[{"href":"https:\/\/www.europesays.com\/afrique\/wp-json\/wp\/v2\/media?parent=201700"}],"wp:term":[{"taxonomy":"category","embeddable":true,"href":"https:\/\/www.europesays.com\/afrique\/wp-json\/wp\/v2\/categories?post=201700"},{"taxonomy":"post_tag","embeddable":true,"href":"https:\/\/www.europesays.com\/afrique\/wp-json\/wp\/v2\/tags?post=201700"}],"curies":[{"name":"wp","href":"https:\/\/api.w.org\/{rel}","templated":true}]}}