{"id":201738,"date":"2026-09-06T10:33:15","date_gmt":"2026-09-06T10:33:15","guid":{"rendered":"https:\/\/www.europesays.com\/afrique\/201738\/"},"modified":"2026-09-06T10:33:15","modified_gmt":"2026-09-06T10:33:15","slug":"leurope-est-confrontee-a-une-crise-de-stockage-de-gaz-a-lapproche-de-lhiver","status":"publish","type":"post","link":"https:\/\/www.europesays.com\/afrique\/201738\/","title":{"rendered":"L&rsquo;Europe est confront\u00e9e \u00e0 une crise de stockage de gaz \u00e0 l&rsquo;approche de l&rsquo;hiver."},"content":{"rendered":"<p class=\"pBody\"><img loading=\"lazy\" decoding=\"async\" class=\"dthumb iCenter\" style=\"width: 1536px; height: 1003px;;cursor:pointer\" src=\"https:\/\/www.europesays.com\/afrique\/wp-content\/uploads\/2026\/09\/1788687043578_363d0144110t11536l1-chau-au-oi-mat1.webp\" alt=\"L'Europe est confront\u00e9e \u00e0 une crise de stockage de gaz \u00e0 l'approche de l'hiver.\" width=\"1536\" height=\"1003\"\/><\/p>\n<p class=\"pCaption\"> L&rsquo;Europe risque une p\u00e9nurie de gaz \u00e0 l&rsquo;approche de l&rsquo;hiver. Photo : Inspenet.<\/p>\n<p class=\"pBody\"> Les donn\u00e9es de l&rsquo;Agence europ\u00e9enne pour les infrastructures gazi\u00e8res (GIE), en date de d\u00e9but septembre 2026, montrent que les r\u00e9serves de gaz de l&rsquo;Union europ\u00e9enne (UE) ne sont actuellement remplies qu&rsquo;\u00e0 65,6 %, soit leur niveau le plus bas \u00e0 cette p\u00e9riode depuis 15 ans. Normalement, ces r\u00e9serves couvrent environ un tiers de la consommation de gaz europ\u00e9enne en hiver.<\/p>\n<p class=\"pBody\"> L&rsquo;UE a accord\u00e9 une importance particuli\u00e8re aux r\u00e9serves de gaz suite \u00e0 la crise \u00e9nerg\u00e9tique li\u00e9e au conflit russo- <a class=\"data-link\" data-org-href=\"https:\/\/www.vietnam.vn\/fr\/tag\/ukraine\" href=\"https:\/\/www.vietnam.vn\/fr\/tag\/ukraine\" title=\"Ukraine\" target=\"_blank\" rel=\"nofollow noopener\">ukrainien<\/a> et aux perturbations des approvisionnements en gaz en provenance de Russie. En 2022, l&rsquo;UE visait un niveau de r\u00e9serves de 80 % au 1er novembre\u00a0; \u00e0 partir de 2023, cet objectif a \u00e9t\u00e9 relev\u00e9 \u00e0 90 %. Toutefois, ce printemps, la Commission europ\u00e9enne a propos\u00e9 de ramener cet objectif \u00e0 80 %, offrant ainsi aux \u00c9tats membres une plus grande flexibilit\u00e9 quant au moment d&rsquo;acheter du gaz dans un contexte de hausse des prix.<\/p>\n<p class=\"pBody\"> Parall\u00e8lement, l&rsquo;espoir d&rsquo;un accord entre les \u00c9tats-Unis et <a class=\"data-link\" data-org-href=\"https:\/\/www.vietnam.vn\/fr\/tag\/iran\" href=\"https:\/\/www.vietnam.vn\/fr\/tag\/iran\" title=\"L&#039;Iran\" target=\"_blank\" rel=\"nofollow noopener\">l&rsquo;Iran<\/a> a incit\u00e9 de nombreuses entreprises europ\u00e9ennes \u00e0 reporter leurs achats de gaz, dans l&rsquo;attente d&rsquo;une reprise des approvisionnements en GNL en provenance du Qatar et d&rsquo;une baisse des prix. Cependant, le conflit s&rsquo;\u00e9ternise depuis sept mois, tandis que les attaques contre les navires commerciaux dans le d\u00e9troit d&rsquo;Ormuz se poursuivent. Selon Kpler, seuls quelques m\u00e9thaniers ont quitt\u00e9 le d\u00e9troit d&rsquo;Ormuz. Actuellement, seules 6 des 14 lignes de production du terminal GNL de Ras Laffan, au Qatar, seraient op\u00e9rationnelles. <\/p>\n<p class=\"pBody\"><img loading=\"lazy\" decoding=\"async\" class=\"iCenter\" style=\"width: 1600px; height: 900px;;cursor:pointer\" src=\"https:\/\/www.europesays.com\/afrique\/wp-content\/uploads\/2026\/09\/1788687045661_363d0144131t11600l1-nguon-cung-gian4.webp\" alt=\"L'Europe est confront\u00e9e \u00e0 une crise de stockage de gaz \u00e0 l'approche de l'hiver.\" width=\"1600\" height=\"900\"\/><\/p>\n<p class=\"pCaption\"> Les perturbations de l&rsquo;approvisionnement ont fait grimper les prix du gaz naturel en Europe de plus de 75 % ces deux derniers mois. Photo : The New York Times.<\/p>\n<p class=\"pBody\"> Les perturbations de l&rsquo;approvisionnement ont fait grimper les prix du gaz en Europe de plus de 75 % ces deux derniers mois, atteignant leur plus haut niveau depuis trois ans. Les entreprises s&rsquo;efforcent d\u00e9sormais de reconstituer leurs stocks avant l&rsquo;hiver, tout en devant faire face \u00e0 la concurrence des clients asiatiques pour des approvisionnements limit\u00e9s en GNL.<\/p>\n<p class=\"pBody\"> Les experts estiment que la faiblesse des r\u00e9serves ne repr\u00e9sente pas un risque imm\u00e9diat de p\u00e9nurie de gaz, la consommation europ\u00e9enne ayant diminu\u00e9 de 17 % ces derni\u00e8res ann\u00e9es. Cependant, un hiver exceptionnellement froid, conjugu\u00e9 \u00e0 des perturbations dans l&rsquo;approvisionnement en GNL et \u00e0 une baisse de la production d&rsquo;\u00e9nergies renouvelables, pourrait aggraver la situation. Ce facteur pourrait \u00e9galement continuer d&rsquo;influencer significativement les prix du gaz en Europe dans les mois \u00e0 venir.<\/p>\n<p class=\"pAuthor\"> Thanh Giang<\/p>\n<p class=\"pSource\"> Source : Chosun.<\/p>\n<p class=\"mb-0\"> Source : https:\/\/baothanhhoa.vn\/chau-au-doi-mat-khung-hoang-du-tru-khi-dot-truc-them-mua-dong-300755.htm<\/p>\n","protected":false},"excerpt":{"rendered":"L&rsquo;Europe risque une p\u00e9nurie de gaz \u00e0 l&rsquo;approche de l&rsquo;hiver. Photo : Inspenet. Les donn\u00e9es de l&rsquo;Agence europ\u00e9enne&hellip;\n","protected":false},"author":2,"featured_media":201739,"comment_status":"","ping_status":"","sticky":false,"template":"","format":"standard","meta":{"footnotes":"","_share_on_mastodon":"0"},"categories":[2],"tags":[1230,970,18,22966,61460,377,69],"class_list":["post-201738","post","type-post","status-publish","format-standard","has-post-thumbnail","category-europe","tag-asie","tag-conflit","tag-europe","tag-liran","tag-ligne-de-production","tag-moyen-orient","tag-union-europeenne"],"share_on_mastodon":{"url":"https:\/\/pubeurope.com\/@afrique\/117223647294059097","error":""},"_links":{"self":[{"href":"https:\/\/www.europesays.com\/afrique\/wp-json\/wp\/v2\/posts\/201738","targetHints":{"allow":["GET"]}}],"collection":[{"href":"https:\/\/www.europesays.com\/afrique\/wp-json\/wp\/v2\/posts"}],"about":[{"href":"https:\/\/www.europesays.com\/afrique\/wp-json\/wp\/v2\/types\/post"}],"author":[{"embeddable":true,"href":"https:\/\/www.europesays.com\/afrique\/wp-json\/wp\/v2\/users\/2"}],"replies":[{"embeddable":true,"href":"https:\/\/www.europesays.com\/afrique\/wp-json\/wp\/v2\/comments?post=201738"}],"version-history":[{"count":0,"href":"https:\/\/www.europesays.com\/afrique\/wp-json\/wp\/v2\/posts\/201738\/revisions"}],"wp:featuredmedia":[{"embeddable":true,"href":"https:\/\/www.europesays.com\/afrique\/wp-json\/wp\/v2\/media\/201739"}],"wp:attachment":[{"href":"https:\/\/www.europesays.com\/afrique\/wp-json\/wp\/v2\/media?parent=201738"}],"wp:term":[{"taxonomy":"category","embeddable":true,"href":"https:\/\/www.europesays.com\/afrique\/wp-json\/wp\/v2\/categories?post=201738"},{"taxonomy":"post_tag","embeddable":true,"href":"https:\/\/www.europesays.com\/afrique\/wp-json\/wp\/v2\/tags?post=201738"}],"curies":[{"name":"wp","href":"https:\/\/api.w.org\/{rel}","templated":true}]}}