{"id":201756,"date":"2026-09-06T11:03:09","date_gmt":"2026-09-06T11:03:09","guid":{"rendered":"https:\/\/www.europesays.com\/afrique\/201756\/"},"modified":"2026-09-06T11:03:09","modified_gmt":"2026-09-06T11:03:09","slug":"ghana-larmee-libere-le-corridor-de-la-future-autoroute-accra-kumasi","status":"publish","type":"post","link":"https:\/\/www.europesays.com\/afrique\/201756\/","title":{"rendered":"Ghana : L\u2019arm\u00e9e lib\u00e8re le corridor de la future autoroute Accra-Kumasi"},"content":{"rendered":"<p style=\"text-align: justify;\">Les Forces arm\u00e9es ghan\u00e9ennes ont presque achev\u00e9 le d\u00e9gagement du corridor r\u00e9serv\u00e9 \u00e0 la future autoroute Accra-Kumasi. Alors que cette phase pr\u00e9paratoire touche \u00e0 sa fin, le gouvernement assure avancer parall\u00e8lement sur le financement d\u2019un projet \u00e9valu\u00e9 \u00e0 pr\u00e8s de 4 milliards de dollars, avec l\u2019ambition de le r\u00e9aliser sans nouvel emprunt, rapporte Top\u00a0 Africa.<\/p>\n<p style=\"text-align: justify;\">Le projet de future autoroute Accra-Kumasi franchit une nouvelle \u00e9tape. Selon un communiqu\u00e9 des Forces arm\u00e9es ghan\u00e9ennes publi\u00e9 le jeudi 3 septembre 2026, 170 des 176 kilom\u00e8tres du corridor pr\u00e9vu ont d\u00e9j\u00e0 \u00e9t\u00e9 d\u00e9gag\u00e9s, ne laissant plus que six kilom\u00e8tres \u00e0 traiter en direction de Sawua.<\/p>\n<p style=\"text-align: justify;\">La progression est importante. Le 25 juin, 89,5 kilom\u00e8tres avaient \u00e9t\u00e9 d\u00e9gag\u00e9s, soit un peu plus de la moiti\u00e9 du trac\u00e9. En juillet, l\u2019avancement \u00e9tait estim\u00e9 \u00e0 environ 70 %. Mobilis\u00e9es \u00e0 travers quatre \u00e9quipes, les Forces arm\u00e9es ont pour mission de lib\u00e9rer l\u2019emprise n\u00e9cessaire aux \u00e9tudes techniques, aux \u00e9valuations environnementales et \u00e0 la future r\u00e9alisation des travaux.<\/p>\n<p style=\"text-align: justify;\">Cette op\u00e9ration ne doit toutefois pas \u00eatre confondue avec la construction de l\u2019autoroute. Le d\u00e9gagement concerne le droit de passage, sur une emprise pouvant atteindre 120 m\u00e8tres de largeur. Les terrassements, la r\u00e9alisation de la chauss\u00e9e, des ponts, des \u00e9changeurs, des \u00e9quipements de s\u00e9curit\u00e9 et du syst\u00e8me de p\u00e9age restent \u00e0 r\u00e9aliser.<\/p>\n<p>Lire \u00e9galement \ud83d\udc49<a href=\"https:\/\/burkina24.com\/2026\/04\/01\/cooperation-securitaire-le-burkina-faso-et-le-ghana-unissent-leurs-efforts-pour-securiser-les-corridors\/\" target=\"_blank\" rel=\"noopener nofollow\">Coop\u00e9ration s\u00e9curitaire : Le Burkina Faso et le Ghana unissent leurs efforts pour s\u00e9curiser les corridors<\/a><\/p>\n<p style=\"text-align: justify;\">En parall\u00e8le de cette phase pr\u00e9paratoire, le gouvernement ghan\u00e9en affirme progresser sur le financement du projet. Lors de la revue budg\u00e9taire de mi-ann\u00e9e, le 23 juillet 2026, le ministre des Finances, Cassiel Ato Forson, avait indiqu\u00e9 que 1,7 milliard de dollars avaient \u00e9t\u00e9 d\u00e9pos\u00e9s sur un compte d\u00e9di\u00e9 \u00e0 la Banque du Ghana au 22 juillet.<\/p>\n<p style=\"text-align: justify;\">Le 4 septembre, le ministre a r\u00e9affirm\u00e9 que l\u2019objectif \u00e9tait de r\u00e9unir l\u2019int\u00e9gralit\u00e9 des financements n\u00e9cessaires avant la fin de l\u2019ann\u00e9e 2026, sans recourir \u00e0 un nouvel emprunt. Le gouvernement entend notamment s\u2019appuyer sur les recettes p\u00e9troli\u00e8res, les redevances mini\u00e8res et, \u00e0 terme, les revenus g\u00e9n\u00e9r\u00e9s par le syst\u00e8me de p\u00e9age.<\/p>\n<p><img loading=\"lazy\" decoding=\"async\" class=\"wp-image-453239 size-full\" src=\"https:\/\/www.europesays.com\/afrique\/wp-content\/uploads\/2026\/09\/autoroure-Accra.jpg\" alt=\"Les Forces arm\u00e9es ghan\u00e9ennes ont presque achev\u00e9 le d\u00e9gagement du corridor r\u00e9serv\u00e9 \u00e0 la future autoroute Accra-Kumasi\" width=\"926\" height=\"499\"  \/>Les Forces arm\u00e9es ghan\u00e9ennes ont presque achev\u00e9 le d\u00e9gagement du corridor r\u00e9serv\u00e9 \u00e0 la future autoroute Accra-Kumasi<\/p>\n<p style=\"text-align: justify;\">Avec un co\u00fbt global estim\u00e9 \u00e0 environ 4 milliards de dollars, les fonds d\u00e9j\u00e0 annonc\u00e9s constituent une base importante, mais ne couvrent pas encore l\u2019int\u00e9gralit\u00e9 du projet.<\/p>\n<p style=\"text-align: justify;\">L\u2019autoroute Accra-Kumasi est pr\u00e9sent\u00e9e comme l\u2019un des projets phares du programme d\u2019infrastructures \u00ab Big Push \u00bb du gouvernement ghan\u00e9en.<\/p>\n<p style=\"text-align: justify;\">Cette infrastructure \u00e0 six voies doit relier Accra et Kumasi, les deux principaux p\u00f4les \u00e9conomiques du pays. Le projet pr\u00e9voit notamment des \u00e9changeurs, des ponts, des aires de repos, des \u00e9quipements d\u2019urgence et un syst\u00e8me de p\u00e9age \u00e9lectronique.<\/p>\n<p style=\"text-align: justify;\">L\u2019objectif affich\u00e9 est de r\u00e9duire le temps de trajet entre les deux villes \u00e0 environ deux heures et d\u2019am\u00e9liorer la circulation des personnes et des marchandises.<\/p>\n<p style=\"text-align: justify;\">Pour le gouvernement, le choix de financer le projet \u00e0 partir des ressources nationales r\u00e9pond \u00e9galement \u00e0 un enjeu majeur : \u00e9viter d\u2019alourdir davantage la dette publique et pr\u00e9server les marges de man\u0153uvre budg\u00e9taires du Ghana.<\/p>\n<p>\u00a0\u00ab Le plus grand projet d\u2019infrastructure \u00bb du Ghana ?<\/p>\n<p style=\"text-align: justify;\">Le ministre ghan\u00e9en de la Communication, Felix Kwakye Ofosu, consid\u00e8re le projet comme potentiellement historique.<\/p>\n<p style=\"text-align: justify;\">Selon lui, l\u2019autoroute Accra-Kumasi pourrait devenir le plus grand projet d\u2019infrastructure jamais r\u00e9alis\u00e9 par un gouvernement ghan\u00e9en. Il estime \u00e9galement que son financement int\u00e9gral \u00e0 partir de ressources nationales, s\u2019il se concr\u00e9tise, constituerait une premi\u00e8re pour un projet d\u2019une telle ampleur.<\/p>\n<p style=\"text-align: justify;\">Dans un message publi\u00e9 sur Facebook, le ministre a soulign\u00e9 les progr\u00e8s r\u00e9alis\u00e9s et affich\u00e9 sa confiance dans la conduite du projet par l\u2019administration du pr\u00e9sident John Mahama.<\/p>\n","protected":false},"excerpt":{"rendered":"Les Forces arm\u00e9es ghan\u00e9ennes ont presque achev\u00e9 le d\u00e9gagement du corridor r\u00e9serv\u00e9 \u00e0 la future autoroute Accra-Kumasi. Alors&hellip;\n","protected":false},"author":2,"featured_media":201757,"comment_status":"","ping_status":"","sticky":false,"template":"","format":"standard","meta":{"footnotes":"","_share_on_mastodon":"0"},"categories":[161],"tags":[242,243,245,250,249,7,278,252,251,127,133,248,126,28,244,115,46,246,247],"class_list":["post-201756","post","type-post","status-publish","format-standard","has-post-thumbnail","category-ghana","tag-actualites","tag-burkina","tag-culture","tag-direct","tag-divertissement","tag-economie","tag-ghana","tag-ibrahim-traore","tag-info","tag-international","tag-monde","tag-mondial-foot","tag-politique","tag-reportages","tag-securite","tag-societe","tag-sport","tag-terrorisme","tag-world-cup"],"share_on_mastodon":{"url":"https:\/\/pubeurope.com\/@afrique\/117223765421526627","error":""},"_links":{"self":[{"href":"https:\/\/www.europesays.com\/afrique\/wp-json\/wp\/v2\/posts\/201756","targetHints":{"allow":["GET"]}}],"collection":[{"href":"https:\/\/www.europesays.com\/afrique\/wp-json\/wp\/v2\/posts"}],"about":[{"href":"https:\/\/www.europesays.com\/afrique\/wp-json\/wp\/v2\/types\/post"}],"author":[{"embeddable":true,"href":"https:\/\/www.europesays.com\/afrique\/wp-json\/wp\/v2\/users\/2"}],"replies":[{"embeddable":true,"href":"https:\/\/www.europesays.com\/afrique\/wp-json\/wp\/v2\/comments?post=201756"}],"version-history":[{"count":0,"href":"https:\/\/www.europesays.com\/afrique\/wp-json\/wp\/v2\/posts\/201756\/revisions"}],"wp:featuredmedia":[{"embeddable":true,"href":"https:\/\/www.europesays.com\/afrique\/wp-json\/wp\/v2\/media\/201757"}],"wp:attachment":[{"href":"https:\/\/www.europesays.com\/afrique\/wp-json\/wp\/v2\/media?parent=201756"}],"wp:term":[{"taxonomy":"category","embeddable":true,"href":"https:\/\/www.europesays.com\/afrique\/wp-json\/wp\/v2\/categories?post=201756"},{"taxonomy":"post_tag","embeddable":true,"href":"https:\/\/www.europesays.com\/afrique\/wp-json\/wp\/v2\/tags?post=201756"}],"curies":[{"name":"wp","href":"https:\/\/api.w.org\/{rel}","templated":true}]}}