{"id":201853,"date":"2026-09-06T13:28:10","date_gmt":"2026-09-06T13:28:10","guid":{"rendered":"https:\/\/www.europesays.com\/afrique\/201853\/"},"modified":"2026-09-06T13:28:10","modified_gmt":"2026-09-06T13:28:10","slug":"tournoi-children-of-africa-le-fc-santa-maria-remporte-le-trophee-de-la-1re-dame-a-abengourou","status":"publish","type":"post","link":"https:\/\/www.europesays.com\/afrique\/201853\/","title":{"rendered":"Tournoi Children of Africa : le FC Santa Maria remporte le troph\u00e9e de la 1re Dame \u00e0 Abengourou"},"content":{"rendered":"<p>Le FC Santa Maria, vainqueur de la 17e \u00e9dition du tournoi Children of Africa \u00e0 Abengourou.<\/p>\n<p>Le FC Santa Maria s\u2019est impos\u00e9, le 5 septembre dernier, au stade HKB d\u2019Abengourou, face \u00e0 l\u2019\u00e9quipe de M\u2019P\u00e8kro (2-0), en finale de la 17e \u00e9dition du tournoi Children of Africa, dot\u00e9 du troph\u00e9e Dominique Ouattara, Premi\u00e8re Dame de C\u00f4te d\u2019Ivoire.<\/p>\n<p>Parrain\u00e9e par Bernard Kini Como\u00e9, ministre d\u00e9l\u00e9gu\u00e9 aupr\u00e8s du ministre de l\u2019Agriculture, du D\u00e9veloppement rural et des Productions vivri\u00e8res, charg\u00e9 des Productions vivri\u00e8res, cette finale a enregistr\u00e9 la pr\u00e9sence de plusieurs autorit\u00e9s locales, dont le maire d\u2019Abengourou, Herv\u00e9 Patrick Adom.<\/p>\n<p>Avant le coup d\u2019envoi, le ministre Kini Como\u00e9 a soulign\u00e9 que ce tournoi, qui met en comp\u00e9tition des enfants \u00e2g\u00e9s de 7 \u00e0 15 ans durant les vacances scolaires, constitue une occasion de c\u00e9l\u00e9brer la jeunesse. Il a encourag\u00e9 les jeunes participants \u00e0 toujours pers\u00e9v\u00e9rer dans l\u2019effort.<\/p>\n<p>Au-del\u00e0 de la comp\u00e9tition sportive, le parrain a \u00e9galement exhort\u00e9 les jeunes footballeurs \u00e0 cultiver, \u00e0 travers le sport, l\u2019esprit de solidarit\u00e9 au sein des \u00e9quipes et de fraternit\u00e9 entre les diff\u00e9rentes formations engag\u00e9es.<\/p>\n<p>Pour sa part, le maire d\u2019Abengourou, Herv\u00e9 Patrick Adom, pr\u00e9sident du comit\u00e9 d\u2019organisation, a relev\u00e9 que ce tournoi, qui se tient pour la troisi\u00e8me fois dans la r\u00e9gion de l\u2019Ind\u00e9ni\u00e9, vient sanctionner l\u2019ensemble des activit\u00e9s organis\u00e9es durant les vacances scolaires.<\/p>\n<p>Selon lui, cette initiative offre \u00e0 la jeunesse un cadre sain d\u2019occupation pendant cette p\u00e9riode, tout en favorisant la pratique sportive et le d\u00e9veloppement de valeurs citoyennes. Il a ainsi salu\u00e9 la mobilisation des jeunes autour de cette comp\u00e9tition.<\/p>\n<p>Lanc\u00e9 le 13 ao\u00fbt dernier, le tournoi a r\u00e9uni cette ann\u00e9e, \u00e0 Abengourou, 12 \u00e9quipes r\u00e9parties en quatre poules de trois \u00e9quipes chacune.<\/p>\n<p>Apr\u00e8s plusieurs rencontres disput\u00e9es dans un esprit de comp\u00e9tition et de fair-play, le FC Santa Maria a finalement d\u00e9croch\u00e9 le troph\u00e9e au terme d\u2019une finale remport\u00e9e 2-0 face \u00e0 M\u2019P\u00e8kro.<\/p>\n<p>La pr\u00e9c\u00e9dente \u00e9dition avait \u00e9t\u00e9 remport\u00e9e par Jeunesse FC.<\/p>\n","protected":false},"excerpt":{"rendered":"Le FC Santa Maria, vainqueur de la 17e \u00e9dition du tournoi Children of Africa \u00e0 Abengourou. Le FC&hellip;\n","protected":false},"author":2,"featured_media":201854,"comment_status":"","ping_status":"","sticky":false,"template":"","format":"standard","meta":{"footnotes":"","_share_on_mastodon":"0"},"categories":[4],"tags":[12898,93,19065,263,6,14225,40134,97,24764,88,95,61490,7039,17882,61489,2136,309],"class_list":["post-201853","post","type-post","status-publish","format-standard","has-post-thumbnail","category-afrique","tag-12898","tag-a","tag-abengourou","tag-africa","tag-afrique","tag-children","tag-dame","tag-de","tag-fc","tag-la","tag-le","tag-maria","tag-of","tag-remporte","tag-santa","tag-tournoi","tag-trophee"],"share_on_mastodon":{"url":"https:\/\/pubeurope.com\/@afrique\/117224335093518073","error":""},"_links":{"self":[{"href":"https:\/\/www.europesays.com\/afrique\/wp-json\/wp\/v2\/posts\/201853","targetHints":{"allow":["GET"]}}],"collection":[{"href":"https:\/\/www.europesays.com\/afrique\/wp-json\/wp\/v2\/posts"}],"about":[{"href":"https:\/\/www.europesays.com\/afrique\/wp-json\/wp\/v2\/types\/post"}],"author":[{"embeddable":true,"href":"https:\/\/www.europesays.com\/afrique\/wp-json\/wp\/v2\/users\/2"}],"replies":[{"embeddable":true,"href":"https:\/\/www.europesays.com\/afrique\/wp-json\/wp\/v2\/comments?post=201853"}],"version-history":[{"count":0,"href":"https:\/\/www.europesays.com\/afrique\/wp-json\/wp\/v2\/posts\/201853\/revisions"}],"wp:featuredmedia":[{"embeddable":true,"href":"https:\/\/www.europesays.com\/afrique\/wp-json\/wp\/v2\/media\/201854"}],"wp:attachment":[{"href":"https:\/\/www.europesays.com\/afrique\/wp-json\/wp\/v2\/media?parent=201853"}],"wp:term":[{"taxonomy":"category","embeddable":true,"href":"https:\/\/www.europesays.com\/afrique\/wp-json\/wp\/v2\/categories?post=201853"},{"taxonomy":"post_tag","embeddable":true,"href":"https:\/\/www.europesays.com\/afrique\/wp-json\/wp\/v2\/tags?post=201853"}],"curies":[{"name":"wp","href":"https:\/\/api.w.org\/{rel}","templated":true}]}}