{"id":201883,"date":"2026-09-06T14:29:09","date_gmt":"2026-09-06T14:29:09","guid":{"rendered":"https:\/\/www.europesays.com\/afrique\/201883\/"},"modified":"2026-09-06T14:29:09","modified_gmt":"2026-09-06T14:29:09","slug":"etude-le-sommeil-profond-ralentit-la-progression-de-lalzheimer","status":"publish","type":"post","link":"https:\/\/www.europesays.com\/afrique\/201883\/","title":{"rendered":"Etude | Le sommeil profond ralentit la progression de l\u2019Alzheimer"},"content":{"rendered":"<p class=\"wp-block-paragraph\">Une nouvelle \u00e9tude, publi\u00e9e dans la revue <a href=\"https:\/\/www.neurology.org\/doi\/10.1212\/WNL.0000000000218307\" target=\"_blank\" rel=\"noreferrer noopener nofollow\">Neurology<\/a>, a mis en \u00e9vidence un lien entre certains types d\u2019activit\u00e9 \u00e9lectrique survenant durant le sommeil profond, un neuropeptide appel\u00e9 orexine et la progression de la maladie d\u2019Alzheimer.<\/p>\n<p class=\"wp-block-paragraph\">Selon le site Science Alert, les chercheurs ont recrut\u00e9 60 patients \u00e2g\u00e9s de 60 ans et plus, r\u00e9cemment diagnostiqu\u00e9s avec une forme l\u00e9g\u00e8re \u00e0 mod\u00e9r\u00e9e de la maladie d\u2019Alzheimer, et qui ne prenaient aucun m\u00e9dicament connu pour affecter l\u2019activit\u00e9 des ondes c\u00e9r\u00e9brales.<\/p>\n<p class=\"wp-block-paragraph\">Les participants ont \u00e9t\u00e9 surveill\u00e9s tout au long de la nuit \u00e0 l\u2019aide d\u2019appareils sp\u00e9cialis\u00e9s dans l\u2019\u00e9tude du sommeil. Le lendemain matin, les chercheurs ont pr\u00e9lev\u00e9 un \u00e9chantillon de liquide c\u00e9phalorachidien chez chaque participant ; ce liquide incolore entoure le cerveau et la moelle \u00e9pini\u00e8re et assure le transport de mol\u00e9cules vers et depuis le syst\u00e8me nerveux. Une fois l\u2019\u00e9tude termin\u00e9e, les chercheurs ont suivi les participants pendant trois ans afin d\u2019observer l\u2019\u00e9volution de leurs sympt\u00f4mes de la maladie d\u2019Alzheimer.<\/p>\n<p>Les taux d\u2019orexine<\/p>\n<p class=\"wp-block-paragraph\">Dans les \u00e9chantillons de liquide c\u00e9phalorachidien, les chercheurs se sont concentr\u00e9s sur la mesure des taux d\u2019un messager chimique appel\u00e9 orexine, qui joue un r\u00f4le essentiel dans la r\u00e9gulation du sommeil et de l\u2019\u00e9veil.<\/p>\n<p class=\"wp-block-paragraph\">Ainsi, par exemple, une carence en orexine dans le cerveau chez les personnes atteintes de narcolepsie de type 1 contribue \u00e0 une somnolence excessive et \u00e0 des \u00e9pisodes soudains de faiblesse musculaire, connus sous le nom de perte de tonus musculaire.<\/p>\n<p class=\"wp-block-paragraph\">Les scientifiques se demandent si l\u2019orexine joue un r\u00f4le direct dans la maladie d\u2019Alzheimer, d\u2019autant plus qu\u2019il existe d\u00e9j\u00e0 des m\u00e9dicaments ciblant ce neurotransmetteur.<\/p>\n<p class=\"wp-block-paragraph\">De pr\u00e9c\u00e9dentes \u00e9tudes de moindre envergure ont sugg\u00e9r\u00e9 l\u2019existence possible d\u2019une anomalie des taux d\u2019orexine chez les patients atteints de la maladie d\u2019Alzheimer.<\/p>\n<p class=\"wp-block-paragraph\">Par ailleurs, des chercheurs ont \u00e9mis l\u2019hypoth\u00e8se que les m\u00e9dicaments agissant sur l\u2019orexine pourraient aider indirectement le cerveau \u00e0 \u00e9liminer les prot\u00e9ines b\u00eata-amylo\u00efde et Tau \u2014 dont l\u2019accumulation c\u00e9r\u00e9brale est associ\u00e9e \u00e0 la maladie d\u2019Alzheimer \u2014, en particulier chez les personnes souffrant de troubles du sommeil ; cette hypoth\u00e8se s\u2019appuie sur des exp\u00e9riences men\u00e9es sur des animaux et des \u00e9tudes observationnelles chez l\u2019homme.<\/p>\n<p>Apathie et d\u00e9pression<\/p>\n<p class=\"wp-block-paragraph\">Si cette hypoth\u00e8se venait \u00e0 \u00eatre confirm\u00e9e, ces m\u00e9dicaments pourraient contribuer \u00e0 ralentir la progression de la maladie. Toutefois, la nature exacte du lien entre l\u2019orexine et la maladie d\u2019Alzheimer n\u2019est pas encore totalement \u00e9lucid\u00e9e.<\/p>\n<p class=\"wp-block-paragraph\">Les chercheurs ont indiqu\u00e9 qu\u2019une \u00e9l\u00e9vation des taux d\u2019orexine pourrait \u00eatre associ\u00e9e \u00e0 l\u2019apparition de sympt\u00f4mes neuropsychiatriques chez les patients atteints de d\u00e9mence, notamment l\u2019apathie, la d\u00e9pression et l\u2019anxi\u00e9t\u00e9.<\/p>\n<p class=\"wp-block-paragraph\">Toutefois, peu d\u2019\u00e9tudes ont examin\u00e9 le lien entre l\u2019activit\u00e9 de l\u2019orexine et le d\u00e9clin cognitif ou la s\u00e9v\u00e9rit\u00e9 des sympt\u00f4mes neuropsychiatriques chez les patients atteints de la maladie d\u2019Alzheimer.<\/p>\n<p class=\"wp-block-paragraph\">Afin d\u2019obtenir des r\u00e9sultats plus pr\u00e9cis, les chercheurs ont analys\u00e9 les taux d\u2019orexine dans des \u00e9chantillons biologiques et les ont compar\u00e9s aux donn\u00e9es d\u2019une \u00e9tude du sommeil, laquelle a permis d\u2019observer les fuseaux du sommeil et les oscillations lentes chez les participants durant la phase de sommeil sans mouvements oculaires rapides (NREM).<\/p>\n<p class=\"wp-block-paragraph\">Dans un cerveau sain, ces deux signaux \u00e9lectriques refl\u00e8tent une activit\u00e9 importante qui contribue \u00e0 la consolidation des souvenirs et au maintien de la stabilit\u00e9 des r\u00e9seaux neuronaux corticaux.<\/p>\n<p class=\"wp-block-paragraph\">Les patients atteints de la maladie d\u2019Alzheimer souffrent souvent de troubles du sommeil ; leurs fuseaux du sommeil et leurs oscillations lentes ont tendance \u00e0 refl\u00e9ter ce dysfonctionnement.<\/p>\n<p class=\"wp-block-paragraph\">Les r\u00e9sultats ont montr\u00e9 qu\u2019une \u00e9l\u00e9vation des taux d\u2019orexine dans le liquide c\u00e9phalorachidien \u00e9tait associ\u00e9e \u00e0 une aggravation de la maladie au cours des trois ann\u00e9es suivantes.<\/p>\n<p class=\"wp-block-paragraph\">En revanche, le lien entre l\u2019augmentation de l\u2019orexine et la progression de la maladie \u00e9tait plus faible chez les participants pr\u00e9sentant une activit\u00e9 relativement plus intense au niveau des fuseaux du sommeil et des oscillations lentes, ce qui sugg\u00e8re un effet protecteur potentiel de ces types d\u2019activit\u00e9 c\u00e9r\u00e9brale durant le sommeil profond.<\/p>\n<p>Un simple point de d\u00e9part<\/p>\n<p class=\"wp-block-paragraph\">Il est \u00e9galement apparu que les signaux caract\u00e9ristiques du sommeil sans mouvements oculaires rapides (sommeil NREM) \u00e9taient plus marqu\u00e9s chez les personnes pr\u00e9sentant des taux d\u2019orexine plus faibles dans le liquide c\u00e9phalorachidien : les fuseaux du sommeil y \u00e9taient plus denses et les oscillations lentes avaient une dur\u00e9e plus longue.<\/p>\n<p class=\"wp-block-paragraph\">Les chercheurs ont \u00e9galement observ\u00e9 que la concentration d\u2019orexine \u00e9tait nettement plus \u00e9lev\u00e9e chez les femmes que chez les hommes. Bien que ces r\u00e9sultats ouvrent de nouvelles perspectives pour comprendre le lien entre le sommeil et la maladie d\u2019Alzheimer, les chercheurs ont soulign\u00e9 qu\u2019ils ne constituent qu\u2019un point de d\u00e9part pour de futures \u00e9tudes susceptibles d\u2019aider \u00e0 \u00e9laborer de nouvelles strat\u00e9gies th\u00e9rapeutiques visant \u00e0 freiner la progression de la maladie. <\/p>\n","protected":false},"excerpt":{"rendered":"Une nouvelle \u00e9tude, publi\u00e9e dans la revue Neurology, a mis en \u00e9vidence un lien entre certains types d\u2019activit\u00e9&hellip;\n","protected":false},"author":2,"featured_media":201884,"comment_status":"","ping_status":"","sticky":false,"template":"","format":"standard","meta":{"footnotes":"","_share_on_mastodon":"0"},"categories":[120],"tags":[61496,61497,61498,9921,124],"class_list":["post-201883","post","type-post","status-publish","format-standard","has-post-thumbnail","category-tunisie","tag-alzheimer","tag-neuropsychiatrie","tag-orexine","tag-sommeil","tag-tunisie"],"share_on_mastodon":{"url":"https:\/\/pubeurope.com\/@afrique\/117224575011474480","error":""},"_links":{"self":[{"href":"https:\/\/www.europesays.com\/afrique\/wp-json\/wp\/v2\/posts\/201883","targetHints":{"allow":["GET"]}}],"collection":[{"href":"https:\/\/www.europesays.com\/afrique\/wp-json\/wp\/v2\/posts"}],"about":[{"href":"https:\/\/www.europesays.com\/afrique\/wp-json\/wp\/v2\/types\/post"}],"author":[{"embeddable":true,"href":"https:\/\/www.europesays.com\/afrique\/wp-json\/wp\/v2\/users\/2"}],"replies":[{"embeddable":true,"href":"https:\/\/www.europesays.com\/afrique\/wp-json\/wp\/v2\/comments?post=201883"}],"version-history":[{"count":0,"href":"https:\/\/www.europesays.com\/afrique\/wp-json\/wp\/v2\/posts\/201883\/revisions"}],"wp:featuredmedia":[{"embeddable":true,"href":"https:\/\/www.europesays.com\/afrique\/wp-json\/wp\/v2\/media\/201884"}],"wp:attachment":[{"href":"https:\/\/www.europesays.com\/afrique\/wp-json\/wp\/v2\/media?parent=201883"}],"wp:term":[{"taxonomy":"category","embeddable":true,"href":"https:\/\/www.europesays.com\/afrique\/wp-json\/wp\/v2\/categories?post=201883"},{"taxonomy":"post_tag","embeddable":true,"href":"https:\/\/www.europesays.com\/afrique\/wp-json\/wp\/v2\/tags?post=201883"}],"curies":[{"name":"wp","href":"https:\/\/api.w.org\/{rel}","templated":true}]}}