{"id":2019,"date":"2026-02-04T22:53:07","date_gmt":"2026-02-04T22:53:07","guid":{"rendered":"https:\/\/www.europesays.com\/afrique\/2019\/"},"modified":"2026-02-04T22:53:07","modified_gmt":"2026-02-04T22:53:07","slug":"leurope-a-t-elle-un-avenir","status":"publish","type":"post","link":"https:\/\/www.europesays.com\/afrique\/2019\/","title":{"rendered":"L&rsquo;Europe a-t-elle un avenir ?"},"content":{"rendered":"<p>    <img decoding=\"async\" src=\"https:\/\/www.europesays.com\/afrique\/wp-content\/uploads\/2026\/02\/9782759034253-475x500-1-6983c8568d2e1313638154.jpg\" alt=\"ActuaLitt\u00e9\" loading=\"lazy\"\/><\/p>\n<p>\n                L&rsquo;Europe traverse aujourd&rsquo;hui une crise majeure, sans doute la plus importante de son histoire. Les crises succ\u00e8dent aux crises, mais les solutions peinent \u00e0 s&rsquo;imposer. Depuis deux ans, la mont\u00e9e du populisme li\u00e9e notamment \u00e0 la crise des r\u00e9fugi\u00e9s et des migrants, la crise \u00e9conomique et financi\u00e8re, la mont\u00e9e du ch\u00f4mage, ont eu un effet catastrophique. L&rsquo;avenir de l&rsquo;Union europ\u00e9enne est en cause. Aujourd&rsquo;hui, plus que jamais, la construction europ\u00e9enne est en danger et pourrait s&rsquo;arr\u00eater net. Au moment o\u00f9 l&rsquo;Union europ\u00e9enne atteint son soixanti\u00e8me anniversaire depuis la signature des trait\u00e9s de Rome, qui devrait \u00eatre celui de la sagesse, celle-ci est r\u00e9guli\u00e8rement atteinte par les spasmes de ses crises internes. Mais il n&rsquo;y a pas ou ne devrait pas y avoir de fatalit\u00e9. Il faut prendre la mesure de la crise de confiance qui l&rsquo;atteint pour \u00eatre capable de la faire repartir, dans le respect de ses valeurs fondatrices. Cet ouvrage n&rsquo;est pas un \u00e9ni\u00e8me ouvrage sur l&rsquo;histoire de la construction europ\u00e9enne. Il s&rsquo;appuie bien s\u00fbr sur des r\u00e9f\u00e9rences historiques indispensables, mais qui doivent permettre \u00e0 chacune et chacun d&rsquo;en tirer les cons\u00e9quences pour l&rsquo;avenir. Il montre aussi comment les responsables politiques ont influenc\u00e9 et continuent \u00e0 influencer le cours de la construction europ\u00e9enne, \u00e0 travers les discours qu&rsquo;ils tiennent sur l&rsquo;Europe aux citoyens et \u00e9lecteurs, mais aussi \u00e0 l&rsquo;aune de leurs actions ou des blocages qu&rsquo;ils ont g\u00e9n\u00e9r\u00e9s sur la gestion des affaires europ\u00e9ennes et la vision qu&rsquo;ils ont de la construction europ\u00e9enne. Il s&rsquo;agit, \u00e0 travers cet ouvrage, de d\u00e9velopper une probl\u00e9matique qui doit \u00eatre \u00e0 la base de toute r\u00e9flexion, surtout pour les \u00e9tudiants, les jeunes mais aussi les responsables politiques et les citoyens qui s&rsquo;int\u00e9ressent \u00e0 la construction europ\u00e9enne de fa\u00e7on g\u00e9n\u00e9rale.\n              <\/p>\n","protected":false},"excerpt":{"rendered":"L&rsquo;Europe traverse aujourd&rsquo;hui une crise majeure, sans doute la plus importante de son histoire. Les crises succ\u00e8dent aux&hellip;\n","protected":false},"author":2,"featured_media":2020,"comment_status":"","ping_status":"","sticky":false,"template":"","format":"standard","meta":{"footnotes":""},"categories":[2],"tags":[18],"class_list":{"0":"post-2019","1":"post","2":"type-post","3":"status-publish","4":"format-standard","5":"has-post-thumbnail","7":"category-europe","8":"tag-europe"},"share_on_mastodon":{"url":"https:\/\/pubeurope.com\/@afrique\/116014822625596661","error":""},"_links":{"self":[{"href":"https:\/\/www.europesays.com\/afrique\/wp-json\/wp\/v2\/posts\/2019","targetHints":{"allow":["GET"]}}],"collection":[{"href":"https:\/\/www.europesays.com\/afrique\/wp-json\/wp\/v2\/posts"}],"about":[{"href":"https:\/\/www.europesays.com\/afrique\/wp-json\/wp\/v2\/types\/post"}],"author":[{"embeddable":true,"href":"https:\/\/www.europesays.com\/afrique\/wp-json\/wp\/v2\/users\/2"}],"replies":[{"embeddable":true,"href":"https:\/\/www.europesays.com\/afrique\/wp-json\/wp\/v2\/comments?post=2019"}],"version-history":[{"count":0,"href":"https:\/\/www.europesays.com\/afrique\/wp-json\/wp\/v2\/posts\/2019\/revisions"}],"wp:featuredmedia":[{"embeddable":true,"href":"https:\/\/www.europesays.com\/afrique\/wp-json\/wp\/v2\/media\/2020"}],"wp:attachment":[{"href":"https:\/\/www.europesays.com\/afrique\/wp-json\/wp\/v2\/media?parent=2019"}],"wp:term":[{"taxonomy":"category","embeddable":true,"href":"https:\/\/www.europesays.com\/afrique\/wp-json\/wp\/v2\/categories?post=2019"},{"taxonomy":"post_tag","embeddable":true,"href":"https:\/\/www.europesays.com\/afrique\/wp-json\/wp\/v2\/tags?post=2019"}],"curies":[{"name":"wp","href":"https:\/\/api.w.org\/{rel}","templated":true}]}}