{"id":22401,"date":"2026-02-22T19:13:07","date_gmt":"2026-02-22T19:13:07","guid":{"rendered":"https:\/\/www.europesays.com\/afrique\/22401\/"},"modified":"2026-02-22T19:13:07","modified_gmt":"2026-02-22T19:13:07","slug":"lalgerie-a-besoin-de-renfort-dans-les-cages","status":"publish","type":"post","link":"https:\/\/www.europesays.com\/afrique\/22401\/","title":{"rendered":"L&rsquo;Alg\u00e9rie a besoin de renfort dans les cages"},"content":{"rendered":"<p style=\"text-align: justify\">Apr\u00e8s la CAN 2025, Vladimir Petkovic est sorti sans trop de garanties dans le secteur des gardiens de but de l\u2019Alg\u00e9rie. A l\u2019exception de Luca Zidane, qui a \u2013 plus ou moins \u2013 donn\u00e9 satisfaction, Anthony Mandr\u00e9a n\u2019a pas convaincu le s\u00e9lectionneur qui lui a donn\u00e9 un sursis inesp\u00e9r\u00e9. Pour sa part, Oussama Benbot a tout simplement craqu\u00e9 en demandant \u00e0 ne plus \u00eatre appel\u00e9 \u00e0 l\u2019avenir. Tout cela fait qu\u2019il y a des places \u00e0 prendre pour garder les cages des Fennecs. Et Melvin Mastil (26 ans) est pressenti en renfort d\u00e8s le rassemblement de mars.<\/p>\n<p style=\"text-align: justify\">Petkovic doit parer \u00e0 l\u2019urgence. Le temps presse avant le rendez-vous important qu\u2019est la Coupe du Monde 2026 qui attend les camarades d\u2019Ibrahim Maza. On est un peu dans le m\u00eame cas de figure que celui d\u2019avant le Mondial 2010. A l\u2019\u00e9poque, Ra\u00efs M\u2019Bolhi avait d\u00e9barqu\u00e9 quelque temps avant le tournoi. Mais il y a une petite diff\u00e9rence, \u00e0 l\u2019\u00e9poque, il y avait un certain Faouzi Chaouchi qui pr\u00e9sentait des assurances dans les cages. En tout cas, bien plus que Luca Zidane qui n\u2019a toujours pas de match r\u00e9f\u00e9rence avec l\u2019EN.<\/p>\n<p>Mastil a tout \u00e0 prouver<\/p>\n<p style=\"text-align: justify\">Pour renforcer les rangs des Verts, il y a Melvin Mastil\u00a0est annonc\u00e9. Le keeper d\u00e9barque de la Ligue 2 suissesse o\u00f9 il \u00e9volue avec le Stade Nyonnais dont il est le capitaine. Derni\u00e8rement, le quotidien fran\u00e7ais L\u2019Equipe n\u2019avait pas h\u00e9sit\u00e9 \u00e0 le mettre dans le onze fran\u00e7ais de la semaine \u00e9voluant dans les championnats europ\u00e9ens. C\u2019est pour dire que ses performances ne laissent pas indiff\u00e9rents.<\/p>\n<p style=\"text-align: justify\">Maintenant, il faudra voir comment il se passera son int\u00e9gration chez El-Khadra\u00a0o\u00f9 les attentes sont \u00e9normes avec une redistribution des cartes qui s\u2019impose. Avec son 1m94, on peut penser que Mastil a des atouts \u00e0 faire valoir. En janvier dernier, il \u00e9voquait sa venue en s\u00e9lection Dz. \u00ab C\u2019est le pays de mes origines. Le pays de mon grand-p\u00e8re. Repr\u00e9senter l\u2019Alg\u00e9rie serait une grande fiert\u00e9 \u00bb, d\u00e9clarait-il. Parviendra-t-il \u00e0 s\u00e9curiser une place pour le Mondial 2026 ? Tout d\u00e9pendra de ce qu\u2019il montrera sur le terrain.<\/p>\n","protected":false},"excerpt":{"rendered":"Apr\u00e8s la CAN 2025, Vladimir Petkovic est sorti sans trop de garanties dans le secteur des gardiens de&hellip;\n","protected":false},"author":2,"featured_media":22402,"comment_status":"","ping_status":"","sticky":false,"template":"","format":"standard","meta":{"footnotes":"","_share_on_mastodon":"0"},"categories":[85],"tags":[116,9326,1452,1805,1806,9328,1808,1810],"class_list":["post-22401","post","type-post","status-publish","format-standard","has-post-thumbnail","category-algerie","tag-algerie","tag-anthony-mandrea","tag-coupe-du-monde-2026","tag-luca-zidane","tag-melvin-mastil","tag-oussama-benbot","tag-stade-nyonnais","tag-vladimir-petkovic"],"share_on_mastodon":{"url":"https:\/\/pubeurope.com\/@afrique\/116115878911714966","error":""},"_links":{"self":[{"href":"https:\/\/www.europesays.com\/afrique\/wp-json\/wp\/v2\/posts\/22401","targetHints":{"allow":["GET"]}}],"collection":[{"href":"https:\/\/www.europesays.com\/afrique\/wp-json\/wp\/v2\/posts"}],"about":[{"href":"https:\/\/www.europesays.com\/afrique\/wp-json\/wp\/v2\/types\/post"}],"author":[{"embeddable":true,"href":"https:\/\/www.europesays.com\/afrique\/wp-json\/wp\/v2\/users\/2"}],"replies":[{"embeddable":true,"href":"https:\/\/www.europesays.com\/afrique\/wp-json\/wp\/v2\/comments?post=22401"}],"version-history":[{"count":0,"href":"https:\/\/www.europesays.com\/afrique\/wp-json\/wp\/v2\/posts\/22401\/revisions"}],"wp:featuredmedia":[{"embeddable":true,"href":"https:\/\/www.europesays.com\/afrique\/wp-json\/wp\/v2\/media\/22402"}],"wp:attachment":[{"href":"https:\/\/www.europesays.com\/afrique\/wp-json\/wp\/v2\/media?parent=22401"}],"wp:term":[{"taxonomy":"category","embeddable":true,"href":"https:\/\/www.europesays.com\/afrique\/wp-json\/wp\/v2\/categories?post=22401"},{"taxonomy":"post_tag","embeddable":true,"href":"https:\/\/www.europesays.com\/afrique\/wp-json\/wp\/v2\/tags?post=22401"}],"curies":[{"name":"wp","href":"https:\/\/api.w.org\/{rel}","templated":true}]}}