{"id":22913,"date":"2026-02-23T10:50:08","date_gmt":"2026-02-23T10:50:08","guid":{"rendered":"https:\/\/www.europesays.com\/afrique\/22913\/"},"modified":"2026-02-23T10:50:08","modified_gmt":"2026-02-23T10:50:08","slug":"journee-mondiale-de-priere-au-foyer-protestant-de-saint-die-des-vosges-en-solidarite-avec-le-nigeria","status":"publish","type":"post","link":"https:\/\/www.europesays.com\/afrique\/22913\/","title":{"rendered":"Journ\u00e9e Mondiale de Pri\u00e8re au Foyer Protestant de Saint-Di\u00e9-des-Vosges en solidarit\u00e9 avec le Nigeria"},"content":{"rendered":"<p>\t\t\t\t\t\t\t\tLa Journ\u00e9e Mondiale de Pri\u00e8re sera c\u00e9l\u00e9br\u00e9e le\u00a0samedi 7 mars \u00e0 Saint-Di\u00e9-des-Vosges, \u00e0 partir de 17 heures au Foyer Protestant (13 rue Carbonnar). Ce temps de pri\u00e8re s\u2019inscrit dans un mouvement \u0153cum\u00e9nique port\u00e9 depuis plus d\u2019un si\u00e8cle par des femmes chr\u00e9tiennes \u00e0 travers le monde.<\/p>\n<p>Un mouvement \u0153cum\u00e9nique mondial<\/p>\n<p>N\u00e9e \u00e0 la fin du XIXe si\u00e8cle \u00e0 l\u2019initiative de femmes chr\u00e9tiennes, la Journ\u00e9e Mondiale de Pri\u00e8re a lieu chaque ann\u00e9e, le premier vendredi de mars, dans plus de 120 pays. Pendant vingt-quatre heures, des communaut\u00e9s prient avec les m\u00eames textes, traduits dans la diversit\u00e9 des langues. Chaque ann\u00e9e, des femmes d\u2019un pays diff\u00e9rent con\u00e7oivent une c\u00e9l\u00e9bration \u0153cum\u00e9nique, en affirmant le lien \u00e9troit entre pri\u00e8re et action dans la vie du monde.<\/p>\n<p>Un th\u00e8me confi\u00e9 aux femmes nig\u00e9rianes<\/p>\n<p>Pour 2026, ce sont des femmes chr\u00e9tiennes nig\u00e9rianes qui ont pr\u00e9par\u00e9 la pri\u00e8re. Le th\u00e8me retenu s\u2019appuie sur l\u2019\u00c9vangile selon Matthieu, chapitre 11, versets 28 \u00e0 30 : \u00ab Venez ! Je vous donnerai le repos \u00bb ; en faisant confiance \u00e0 Dieu, pr\u00e9sent\u00e9 comme celui qui porte le fardeau de chacun, les participantes et participants sont invit\u00e9s \u00e0 se reconna\u00eetre comme un seul corps en Christ, recevant et apportant le repos au monde.<\/p>\n<p>Soutenir les femmes et les enfants du Nigeria<\/p>\n<p>La c\u00e9l\u00e9bration a pour objectif de soutenir les femmes et les enfants du Nigeria. Les personnes pr\u00e9sentes pourront d\u00e9couvrir la culture nig\u00e9riane ainsi que des sp\u00e9cialit\u00e9s culinaires, propos\u00e9es \u00e0 la d\u00e9gustation \u00e0 l\u2019issue de la c\u00e9l\u00e9bration. Un comptoir permettra \u00e9galement d\u2019acheter certaines de ces sp\u00e9cialit\u00e9s, ainsi que des confitures, au profit des femmes du Nigeria.<\/p>\n<p>Une offrande g\u00e9r\u00e9e au niveau national<\/p>\n<p>Les dons recueillis lors de cette Journ\u00e9e Mondiale de Pri\u00e8re sont transmis \u00e0 des organismes s\u00e9lectionn\u00e9s avec rigueur par le comit\u00e9 national de l\u2019association. En 2025, l\u2019offrande nationale destin\u00e9e aux \u00eeles Cook a permis de financer l\u2019ensemble des projets pr\u00e9sent\u00e9s et d\u2019apporter une aide compl\u00e9mentaire en cas de catastrophes naturelles. Les organisateurs remercient les fid\u00e8les pour leur g\u00e9n\u00e9rosit\u00e9 pass\u00e9e et esp\u00e8rent une mobilisation tout aussi forte cette ann\u00e9e.<\/p>\n<p><a href=\"https:\/\/vosgesinfo.fr\/app\/uploads\/sites\/4\/2026\/02\/jmp-2026-epu.jpg\" data-slb-active=\"1\" data-slb-asset=\"1241635191\" data-slb-internal=\"0\" data-slb-group=\"slb\" rel=\"nofollow noopener\" target=\"_blank\"><img fetchpriority=\"high\" decoding=\"async\" class=\"alignnone size-large wp-image-88271 lazyload\" alt=\"\" width=\"759\" height=\"1024\" src=\"https:\/\/www.europesays.com\/afrique\/wp-content\/uploads\/2026\/02\/jmp-2026-epu-759x1024.jpg\"  data- data-eio-rwidth=\"759\" data-eio-rheight=\"1024\"\/><img fetchpriority=\"high\" decoding=\"async\" class=\"alignnone size-large wp-image-88271\" src=\"https:\/\/www.europesays.com\/afrique\/wp-content\/uploads\/2026\/02\/jmp-2026-epu-759x1024.jpg\" alt=\"\" width=\"759\" height=\"1024\"   data-eio=\"l\"\/><\/a><\/p>\n","protected":false},"excerpt":{"rendered":"La Journ\u00e9e Mondiale de Pri\u00e8re sera c\u00e9l\u00e9br\u00e9e le\u00a0samedi 7 mars \u00e0 Saint-Di\u00e9-des-Vosges, \u00e0 partir de 17 heures au&hellip;\n","protected":false},"author":2,"featured_media":22914,"comment_status":"","ping_status":"","sticky":false,"template":"","format":"standard","meta":{"footnotes":"","_share_on_mastodon":"0"},"categories":[176],"tags":[10263,10264,10265,10266,192,10267,10268,9008],"class_list":["post-22913","post","type-post","status-publish","format-standard","has-post-thumbnail","category-nigeria","tag-femmes-chretiennes","tag-foyer-protestant","tag-journee-mondiale-de-priere","tag-mouvement-oecumenique","tag-nigeria","tag-rue-carbonnar","tag-saint-die-des-vosges","tag-solidarite-internationale"],"share_on_mastodon":{"url":"https:\/\/pubeurope.com\/@afrique\/116119563312887695","error":""},"_links":{"self":[{"href":"https:\/\/www.europesays.com\/afrique\/wp-json\/wp\/v2\/posts\/22913","targetHints":{"allow":["GET"]}}],"collection":[{"href":"https:\/\/www.europesays.com\/afrique\/wp-json\/wp\/v2\/posts"}],"about":[{"href":"https:\/\/www.europesays.com\/afrique\/wp-json\/wp\/v2\/types\/post"}],"author":[{"embeddable":true,"href":"https:\/\/www.europesays.com\/afrique\/wp-json\/wp\/v2\/users\/2"}],"replies":[{"embeddable":true,"href":"https:\/\/www.europesays.com\/afrique\/wp-json\/wp\/v2\/comments?post=22913"}],"version-history":[{"count":0,"href":"https:\/\/www.europesays.com\/afrique\/wp-json\/wp\/v2\/posts\/22913\/revisions"}],"wp:featuredmedia":[{"embeddable":true,"href":"https:\/\/www.europesays.com\/afrique\/wp-json\/wp\/v2\/media\/22914"}],"wp:attachment":[{"href":"https:\/\/www.europesays.com\/afrique\/wp-json\/wp\/v2\/media?parent=22913"}],"wp:term":[{"taxonomy":"category","embeddable":true,"href":"https:\/\/www.europesays.com\/afrique\/wp-json\/wp\/v2\/categories?post=22913"},{"taxonomy":"post_tag","embeddable":true,"href":"https:\/\/www.europesays.com\/afrique\/wp-json\/wp\/v2\/tags?post=22913"}],"curies":[{"name":"wp","href":"https:\/\/api.w.org\/{rel}","templated":true}]}}