{"id":2438,"date":"2026-02-05T03:36:24","date_gmt":"2026-02-05T03:36:24","guid":{"rendered":"https:\/\/www.europesays.com\/afrique\/2438\/"},"modified":"2026-02-05T03:36:24","modified_gmt":"2026-02-05T03:36:24","slug":"sonia-toro-chambre-de-commerce-ue-afrique-la-blockchain-et-lia-ne-sont-pas-des-concepts-reserves-aux-grandes-puissances","status":"publish","type":"post","link":"https:\/\/www.europesays.com\/afrique\/2438\/","title":{"rendered":"Sonia Toro (Chambre de Commerce UE-Afrique)\u00a0: \u00ab\u00a0La blockchain et l\u2019IA ne sont pas des concepts r\u00e9serv\u00e9s aux grandes puissances\u00a0\u00bb"},"content":{"rendered":"<p>La directrice ex\u00e9cutive de la Chambre de Commerce UE-Afrique (EUACC) a d\u00e9clar\u00e9 que la blockchain et l\u2019intelligence artificielle (IA) ne sont pas des concepts r\u00e9serv\u00e9s aux grandes puissances mais des outils que les Africains doivent s\u2019approprier et les adapter pour b\u00e2tir des solutions inclusives, durables et comp\u00e9titives.<\/p>\n<p>(Cio Mag) \u2013 Sonia Toro a fait cette d\u00e9claration au cours du Blockchain &amp; AI B2B Days 2025, un \u00e9v\u00e9nement que la ville d\u2019Abidjan a accueilli du 8 au 9 avril 2025 au sein de l\u2019immeuble Postel 2001, rapporte APO Group. Ces journ\u00e9es qu\u2019organisait la Chambre de Commerce UE-Afrique ont rassembl\u00e9 des fondateurs de startups venus de C\u00f4te d\u2019Ivoire, du Ghana, du Nigeria, du Cameroun, de France, de Belgique et des Seychelles. L\u2019objectif\u00a0\u00e9tant de promouvoir la collaboration transfrontali\u00e8re et renforcer la position de l\u2019Afrique dans les innovations port\u00e9es par la blockchain et l\u2019intelligence artificielle.<\/p>\n<p><img loading=\"lazy\" decoding=\"async\" width=\"1000\" height=\"559\" src=\"https:\/\/www.europesays.com\/afrique\/wp-content\/uploads\/2026\/02\/Blockchain-AI-B2B-Days-2025-des-fondateurs-de-startups-venus-de-plusieurs-pays.jpg\" alt=\"\" class=\"wp-image-57885\"  \/><\/p>\n<p>\u00ab \u00c0 travers ces deux journ\u00e9es, nous avons voulu cr\u00e9er un espace de convergence pour les talents, les id\u00e9es, les institutions et les opportunit\u00e9s, dans une Afrique en pleine transformation num\u00e9rique \u00bb, a affirm\u00e9 la directrice de l\u2019EUACC. Ajoutant que la blockchain et l\u2019intelligence artificielle ne sont pas des concepts r\u00e9serv\u00e9s aux grandes puissances : ce sont des outils que nous devons nous approprier, adapter \u00e0 nos r\u00e9alit\u00e9s, et utiliser pour b\u00e2tir des solutions inclusives, durables et comp\u00e9titives.\u00a0 \u00a0<\/p>\n<p>Pont strat\u00e9gique entre innovations sous-r\u00e9gionales<\/p>\n<p>Blockchain &amp; AI B2B Days 2025 a b\u00e9n\u00e9fici\u00e9 du soutien du Centre du Commerce International (ITC) et du Minist\u00e8re des Affaires \u00c9trang\u00e8res des Pays-Bas dans le cadre du projet Netherlands Trust Fund V \u2013 Ghana Tech Project.<\/p>\n<p><img loading=\"lazy\" decoding=\"async\" width=\"1000\" height=\"606\" src=\"https:\/\/www.europesays.com\/afrique\/wp-content\/uploads\/2026\/02\/table-ronde-sur-les-opportunites-et-defis-lies-a-lIA-et-a-la-blockchain-en-Afrique-avec-des-leaders-.jpeg\" alt=\"\" class=\"wp-image-57884\"  \/>Cr\u00e9dit photos EU-Africa Chamber of commerce (EUACC)<\/p>\n<p>Parmi les temps forts de cet \u00e9v\u00e9nement, une table ronde sur les opportunit\u00e9s et d\u00e9fis li\u00e9s \u00e0 l\u2019IA et \u00e0 la blockchain en Afrique avec des leaders du ITC Ghana, de Binance Africa, de StratejAI et de l\u2019EUACC; un t\u00e9moignage inspirant de Mohamed Sounkere, PDG de VEONE, sur le climat des affaires en C\u00f4te d\u2019Ivoire. <\/p>\n<p><img loading=\"lazy\" decoding=\"async\" width=\"1000\" height=\"546\" src=\"https:\/\/www.europesays.com\/afrique\/wp-content\/uploads\/2026\/02\/Mohamed-Sounkere-PDG-de-VEONE.jpg\" alt=\"\" class=\"wp-image-57887\"  \/>Mohamed Sounkere, PDG de VEONE, au centre sur la photo.<\/p>\n<p>Une session de pitch dynamique de 9 startups du Ghana et de la C\u00f4te d\u2019Ivoire d\u00e9veloppant des solutions fond\u00e9es sur la blockchain et l\u2019IA,\u00a0a \u00e9galement marqu\u00e9 ces journ\u00e9es tout comme l\u2019excursion immersive au technop\u00f4le du VITIB \u00e0 Grand-Bassam (photo ci-dessous). <\/p>\n<p><img loading=\"lazy\" decoding=\"async\" width=\"1000\" height=\"533\" src=\"https:\/\/www.europesays.com\/afrique\/wp-content\/uploads\/2026\/02\/Excursion-immersive-au-technopole-du-VITIB-a-Grand-Bassam.jpg\" alt=\"\" class=\"wp-image-57886\"  \/><\/p>\n<p>Pour le jury, Digitech (C\u00f4te d\u2019Ivoire) a pr\u00e9sent\u00e9 la solution la plus scalable. Npontu (Ghana) s\u2019est distingu\u00e9 par l\u2019utilisation la plus innovante de la Blockchain et\/ou de l\u2019IA. La startup Akwabaci.com (C\u00f4te d\u2019Ivoire) quant \u00e0 elle, a re\u00e7u le prix Coup de c\u0153ur du Jury.<\/p>\n<p>Kounandi St\u00e9phane Coulibaly, Directeur de l\u2019Innovation, des Startups et du Secteur Priv\u00e9 au Minist\u00e8re de la Transition num\u00e9rique et de la Digitalisation de la C\u00f4te d\u2019Ivoire, a d\u00e9clar\u00e9 \u00e0 cette occasion que la blockchain est plus qu\u2019une technologie r\u00e9volutionnaire. Elle est un puissant vecteur de transparence, de s\u00e9curit\u00e9, d\u2019efficacit\u00e9 et d\u2019innovation.<\/p>\n<p>\u00ab\u00a0En investissant d\u00e8s maintenant dans des\u00a0 technologies comme la Blockchain et l\u2019IA, nous posons les bases d\u2019une \u00e9conomie ivoirienne forte, int\u00e8gre et comp\u00e9titive \u00e0 l\u2019\u00e9chelle internationale \u00bb, a-t-il soutenu.<\/p>\n<p>Pour Anointing Ngoa Atangana, Responsable des op\u00e9rations pour l\u2019Afrique francophone \u2013 Binance, la blockchain et l\u2019intelligence artificielle sont \u00e0 l\u2019avant-garde de la r\u00e9volution num\u00e9rique africaine, transformant les secteurs et stimulant la croissance \u00e9conomique.<\/p>\n<p>Abidjan Blockchain Week<\/p>\n<p>Selon Sonia Toro, les Blockchain &amp; AI B2B Days s\u2019inscrivent dans la strat\u00e9gie r\u00e9gionale de la Chambre de Commerce UE-Afrique (EUACC). C\u2019est aussi cet \u00e9lan qui portera la prochaine Semaine de la Blockchain d\u2019Abidjan (Abidjan Blockchain Week) pr\u00e9vue en juillet 2025 dans le cadre de l\u2019Ivoire Tech Forum, sous le patronage du Minist\u00e8re de la Transition Num\u00e9rique et de la Digitalisation.<\/p>\n<p>                <a href=\"https:\/\/cio-mag.com\/author\/anselmeakeko\/\" rel=\"nofollow noopener\" target=\"_blank\"><img loading=\"lazy\" decoding=\"async\" alt=\"\" src=\"https:\/\/www.europesays.com\/afrique\/wp-content\/uploads\/2026\/02\/IMG_20221008_220250.jpg\"  class=\"avatar avatar-150 photo sab-custom-avatar\" height=\"150\" width=\"150\"\/><\/a><\/p>\n<p>                    <a href=\"https:\/\/cio-mag.com\/author\/anselmeakeko\/\" rel=\"nofollow noopener\" target=\"_blank\">Anselme AKEKO<\/a><\/p>\n<p>Responsable \u00e9ditorial Cio Mag<br \/>Correspondant en C\u00f4te d\u2019Ivoire<br \/>Journaliste \u00e9conomie num\u00e9rique<br \/>2e Prix du Meilleur Journaliste Fintech<br \/>Afrique francophone 2022<br \/>AMA Academy Awards.<br \/><a href=\"https:\/\/www.linkedin.com\/in\/anselme-akeko\/\" rel=\"nofollow noopener\" target=\"_blank\">En savoir plus<\/a><\/p>\n","protected":false},"excerpt":{"rendered":"La directrice ex\u00e9cutive de la Chambre de Commerce UE-Afrique (EUACC) a d\u00e9clar\u00e9 que la blockchain et l\u2019intelligence artificielle&hellip;\n","protected":false},"author":2,"featured_media":2439,"comment_status":"","ping_status":"","sticky":false,"template":"","format":"standard","meta":{"footnotes":""},"categories":[2],"tags":[18,51,67,68,69,70],"class_list":{"0":"post-2438","1":"post","2":"type-post","3":"status-publish","4":"format-standard","5":"has-post-thumbnail","7":"category-europe","8":"tag-europe","9":"tag-europe-afrique","10":"tag-ue","11":"tag-ue-afrique","12":"tag-union-europeenne","13":"tag-union-europeenne-afrique"},"share_on_mastodon":{"url":"https:\/\/pubeurope.com\/@afrique\/116015935219085748","error":""},"_links":{"self":[{"href":"https:\/\/www.europesays.com\/afrique\/wp-json\/wp\/v2\/posts\/2438","targetHints":{"allow":["GET"]}}],"collection":[{"href":"https:\/\/www.europesays.com\/afrique\/wp-json\/wp\/v2\/posts"}],"about":[{"href":"https:\/\/www.europesays.com\/afrique\/wp-json\/wp\/v2\/types\/post"}],"author":[{"embeddable":true,"href":"https:\/\/www.europesays.com\/afrique\/wp-json\/wp\/v2\/users\/2"}],"replies":[{"embeddable":true,"href":"https:\/\/www.europesays.com\/afrique\/wp-json\/wp\/v2\/comments?post=2438"}],"version-history":[{"count":0,"href":"https:\/\/www.europesays.com\/afrique\/wp-json\/wp\/v2\/posts\/2438\/revisions"}],"wp:featuredmedia":[{"embeddable":true,"href":"https:\/\/www.europesays.com\/afrique\/wp-json\/wp\/v2\/media\/2439"}],"wp:attachment":[{"href":"https:\/\/www.europesays.com\/afrique\/wp-json\/wp\/v2\/media?parent=2438"}],"wp:term":[{"taxonomy":"category","embeddable":true,"href":"https:\/\/www.europesays.com\/afrique\/wp-json\/wp\/v2\/categories?post=2438"},{"taxonomy":"post_tag","embeddable":true,"href":"https:\/\/www.europesays.com\/afrique\/wp-json\/wp\/v2\/tags?post=2438"}],"curies":[{"name":"wp","href":"https:\/\/api.w.org\/{rel}","templated":true}]}}