{"id":26853,"date":"2026-02-26T20:38:07","date_gmt":"2026-02-26T20:38:07","guid":{"rendered":"https:\/\/www.europesays.com\/afrique\/26853\/"},"modified":"2026-02-26T20:38:07","modified_gmt":"2026-02-26T20:38:07","slug":"elmed-la-tunisie-et-ses-partenaires-europeens-intensifient-les-preparatifs-a-bruxelles","status":"publish","type":"post","link":"https:\/\/www.europesays.com\/afrique\/26853\/","title":{"rendered":"Elmed | La Tunisie et ses partenaires europ\u00e9ens intensifient les pr\u00e9paratifs \u00e0 Bruxelles"},"content":{"rendered":"<p>\u00c0 l\u2019occasion d\u2019un workshop d\u00e9di\u00e9 aux r\u00e9seaux \u00e9lectriques et aux \u00e9nergies renouvelables, les responsables tunisiens du secteur de l\u2019\u00e9nergie ont rencontr\u00e9 leurs homologues belges et europ\u00e9ens \u00e0 Bruxelles<\/p>\n<p>Ce d\u00e9placement, soutenu par l\u2019ambassade de Tunisie en Belgique, marque une \u00e9tape cl\u00e9 dans l\u2019acquisition du savoir-faire technique n\u00e9cessaire \u00e0 la gestion future du projet Elmed. <\/p>\n<p>A cette occasion, Sahbi Khalfallah, Ambassadeur de Tunisie \u00e0 Bruxelles, a re\u00e7u une d\u00e9l\u00e9gation du minist\u00e8re tunisien de l\u2019Industrie, de l\u2019Energie et des Mines et de responsables \u00e0 la Soci\u00e9t\u00e9 tunisienne de l\u2019\u00e9lectricit\u00e9 et du gaz (Steg).<\/p>\n<p>Pour rappel, le projet <a href=\"https:\/\/elmedproject.com\/fr\/\" rel=\"nofollow noopener\" target=\"_blank\">Elmed<\/a> est une infrastructure monumentale d\u00e9crite comme un \u00abpont \u00e9nerg\u00e9tique\u00bb entre l\u2019Italie (station de Partanna en Sicile) et la Tunisie ( Mlaabi dans le Cap Bon), qui reliera les grands syst\u00e8mes \u00e9lectriques de l\u2019Europe et de l\u2019Afrique du Nord.<\/p>\n<p>Sur une longueur totale d\u2019environ 220 kilom\u00e8tres (dont environ 200 km en c\u00e2ble sous-marin) avec une capacit\u00e9 de 600 MWh ce \u00abpont \u00e9nerg\u00e9tique\u00bb sera construit dans le plein respect de l\u2019environnement et vise \u00ab \u00e0 assurer une plus grande s\u00e9curit\u00e9, durabilit\u00e9 et r\u00e9silience dans l\u2019approvisionnement en \u00e9nergie, ainsi que le d\u00e9veloppement des \u00e9changes d\u2019\u00e9lectricit\u00e9 produite \u00e0 partir de sources renouvelables \u00bb.<\/p>\n<p class=\"has-text-align-right\">Y. N.<\/p>\n","protected":false},"excerpt":{"rendered":"\u00c0 l\u2019occasion d\u2019un workshop d\u00e9di\u00e9 aux r\u00e9seaux \u00e9lectriques et aux \u00e9nergies renouvelables, les responsables tunisiens du secteur de&hellip;\n","protected":false},"author":2,"featured_media":26854,"comment_status":"","ping_status":"","sticky":false,"template":"","format":"standard","meta":{"footnotes":"","_share_on_mastodon":"0"},"categories":[120],"tags":[219,8143,11660,1049,11661,3645,124],"class_list":["post-26853","post","type-post","status-publish","format-standard","has-post-thumbnail","category-tunisie","tag-belgique","tag-bruxelles","tag-elmed","tag-energies-renouvelables","tag-partenaires-europeens","tag-steg","tag-tunisie"],"share_on_mastodon":{"url":"https:\/\/pubeurope.com\/@afrique\/116138862590756515","error":""},"_links":{"self":[{"href":"https:\/\/www.europesays.com\/afrique\/wp-json\/wp\/v2\/posts\/26853","targetHints":{"allow":["GET"]}}],"collection":[{"href":"https:\/\/www.europesays.com\/afrique\/wp-json\/wp\/v2\/posts"}],"about":[{"href":"https:\/\/www.europesays.com\/afrique\/wp-json\/wp\/v2\/types\/post"}],"author":[{"embeddable":true,"href":"https:\/\/www.europesays.com\/afrique\/wp-json\/wp\/v2\/users\/2"}],"replies":[{"embeddable":true,"href":"https:\/\/www.europesays.com\/afrique\/wp-json\/wp\/v2\/comments?post=26853"}],"version-history":[{"count":0,"href":"https:\/\/www.europesays.com\/afrique\/wp-json\/wp\/v2\/posts\/26853\/revisions"}],"wp:featuredmedia":[{"embeddable":true,"href":"https:\/\/www.europesays.com\/afrique\/wp-json\/wp\/v2\/media\/26854"}],"wp:attachment":[{"href":"https:\/\/www.europesays.com\/afrique\/wp-json\/wp\/v2\/media?parent=26853"}],"wp:term":[{"taxonomy":"category","embeddable":true,"href":"https:\/\/www.europesays.com\/afrique\/wp-json\/wp\/v2\/categories?post=26853"},{"taxonomy":"post_tag","embeddable":true,"href":"https:\/\/www.europesays.com\/afrique\/wp-json\/wp\/v2\/tags?post=26853"}],"curies":[{"name":"wp","href":"https:\/\/api.w.org\/{rel}","templated":true}]}}