{"id":28154,"date":"2026-02-28T00:46:10","date_gmt":"2026-02-28T00:46:10","guid":{"rendered":"https:\/\/www.europesays.com\/afrique\/28154\/"},"modified":"2026-02-28T00:46:10","modified_gmt":"2026-02-28T00:46:10","slug":"affrontements-pres-des-frontieres-entre-la-libye-et-le-niger","status":"publish","type":"post","link":"https:\/\/www.europesays.com\/afrique\/28154\/","title":{"rendered":"Affrontements pr\u00e8s des fronti\u00e8res entre la Libye et le Niger"},"content":{"rendered":"<p>The liveblog has ended.<\/p>\n<p>No liveblog updates yet.<\/p>\n<p>Load more            <\/p>\n<p>Facebook<br \/>\nTwitter<br \/>\nLinkedIn<br \/>\nWhatsApp<\/p>\n<p>En Libye, la Salle des op\u00e9rations pour la lib\u00e9ration du Sud a annonc\u00e9 que certains points frontaliers situ\u00e9s le long de la bande frontali\u00e8re du sud-ouest (fronti\u00e8re entre la Libye et le Niger) ont connu, les 24 et 25 f\u00e9vrier, des affrontements arm\u00e9s limit\u00e9s.<\/p>\n<p>Ces incidents seraient intervenus \u00e0 la suite d\u2019une tentative d\u2019infiltration men\u00e9e, selon la m\u00eame source, par des forces affili\u00e9es \u00e0 Khalifa Haftar, appuy\u00e9es par des mercenaires \u00e9trangers, dans le but de r\u00e9imposer leur contr\u00f4le sur la bande frontali\u00e8re m\u00e9ridionale et de reprendre des points et des couloirs de passage qu\u2019elles avaient r\u00e9cemment perdus.<\/p>\n<p>La Salle des op\u00e9rations a ajout\u00e9 que l\u2019arm\u00e9e de l\u2019air libyenne, relevant des forces arm\u00e9es libyennes, poursuit la conduite de frappes a\u00e9riennes \u00ab pr\u00e9cises \u00bb visant les positions des mercenaires et d\u2019\u00e9l\u00e9ments qualifi\u00e9s de \u00ab terroristes \u00bb \u00e0 la fronti\u00e8re libyo-nig\u00e9rienne.<\/p>\n<p>Toujours selon la m\u00eame source, ces frappes ont provoqu\u00e9 des impacts directs et la destruction de plusieurs v\u00e9hicules et \u00e9quipements. Elles auraient fait deux morts, en plus de bless\u00e9s et de la capture de plusieurs membres de la compagnie d\u00e9ploy\u00e9e sur place.<\/p>\n<p>Facebook<br \/>\nTwitter<br \/>\nLinkedIn<br \/>\nWhatsApp<\/p>\n<p>\n                                                Que se passe-t-il en Tunisie?<br \/>Nous expliquons sur notre <a href=\"https:\/\/www.youtube.com\/channel\/UCRzypVq0B_yBad5eGrwBx0Q?sub_confirmation=1\" target=\"_blank\" rel=\"nofollow noopener\">cha\u00eene YouTube<\/a> . <a href=\"https:\/\/www.youtube.com\/channel\/UCRzypVq0B_yBad5eGrwBx0Q?sub_confirmation=1\" target=\"_blank\" rel=\"nofollow noopener\">Abonnez-vous!<\/a><\/p>\n<p>\t\t\t\t\t\t\t\t\t\t\t\t\t\t\t\t\t\t\t\t\t\t\t\t\t<img loading=\"lazy\" decoding=\"async\" width=\"290\" height=\"78\" src=\"data:image\/svg+xml,%3Csvg%20xmlns=\" http:=\"\" data-lazy-src=\"https:\/\/www.europesays.com\/afrique\/wp-content\/uploads\/2026\/02\/1772128627_940_Logo-Tn1-1-3.png\"\/><img loading=\"lazy\" decoding=\"async\" width=\"290\" height=\"78\" src=\"https:\/\/www.europesays.com\/afrique\/wp-content\/uploads\/2026\/02\/1772128627_940_Logo-Tn1-1-3.png\"\/><\/p>\n","protected":false},"excerpt":{"rendered":"The liveblog has ended. No liveblog updates yet. Load more Facebook Twitter LinkedIn WhatsApp En Libye, la Salle&hellip;\n","protected":false},"author":2,"featured_media":28155,"comment_status":"","ping_status":"","sticky":false,"template":"","format":"standard","meta":{"footnotes":"","_share_on_mastodon":"0"},"categories":[121],"tags":[12125,12126,12127,12128,125,683],"class_list":["post-28154","post","type-post","status-publish","format-standard","has-post-thumbnail","category-libye","tag-affrontements","tag-echanges-des-tires","tag-frappes-aeriennes","tag-hafter","tag-libye","tag-niger"],"share_on_mastodon":{"url":"https:\/\/pubeurope.com\/@afrique\/116145499912927207","error":""},"_links":{"self":[{"href":"https:\/\/www.europesays.com\/afrique\/wp-json\/wp\/v2\/posts\/28154","targetHints":{"allow":["GET"]}}],"collection":[{"href":"https:\/\/www.europesays.com\/afrique\/wp-json\/wp\/v2\/posts"}],"about":[{"href":"https:\/\/www.europesays.com\/afrique\/wp-json\/wp\/v2\/types\/post"}],"author":[{"embeddable":true,"href":"https:\/\/www.europesays.com\/afrique\/wp-json\/wp\/v2\/users\/2"}],"replies":[{"embeddable":true,"href":"https:\/\/www.europesays.com\/afrique\/wp-json\/wp\/v2\/comments?post=28154"}],"version-history":[{"count":0,"href":"https:\/\/www.europesays.com\/afrique\/wp-json\/wp\/v2\/posts\/28154\/revisions"}],"wp:featuredmedia":[{"embeddable":true,"href":"https:\/\/www.europesays.com\/afrique\/wp-json\/wp\/v2\/media\/28155"}],"wp:attachment":[{"href":"https:\/\/www.europesays.com\/afrique\/wp-json\/wp\/v2\/media?parent=28154"}],"wp:term":[{"taxonomy":"category","embeddable":true,"href":"https:\/\/www.europesays.com\/afrique\/wp-json\/wp\/v2\/categories?post=28154"},{"taxonomy":"post_tag","embeddable":true,"href":"https:\/\/www.europesays.com\/afrique\/wp-json\/wp\/v2\/tags?post=28154"}],"curies":[{"name":"wp","href":"https:\/\/api.w.org\/{rel}","templated":true}]}}