{"id":28348,"date":"2026-02-28T07:50:30","date_gmt":"2026-02-28T07:50:30","guid":{"rendered":"https:\/\/www.europesays.com\/afrique\/28348\/"},"modified":"2026-02-28T07:50:30","modified_gmt":"2026-02-28T07:50:30","slug":"la-br-de-keur-massar-interpelle-un-policier","status":"publish","type":"post","link":"https:\/\/www.europesays.com\/afrique\/28348\/","title":{"rendered":"La BR de Keur Massar interpelle un policier"},"content":{"rendered":"<p data-path-to-node=\"2\">L\u2019enqu\u00eate sur le r\u00e9seau de m\u0153urs et de transmission du VIH franchit une nouvelle \u00e9tape avec l&rsquo;arrestation de trois individus suppl\u00e9mentaires par la Brigade de recherches de Keur Massar. <\/p>\n<p>Parmi les nouveaux gard\u00e9s \u00e0 vue figure un agent de police, cit\u00e9 par un inculp\u00e9 d\u00e9j\u00e0 porteur du virus lors d&rsquo;une audition au fond devant le juge d\u2019instruction du tribunal de Pikine-Gu\u00e9diawaye. Cette interpellation intervient dans le cadre d&rsquo;une d\u00e9l\u00e9gation judiciaire visant \u00e0 identifier l&rsquo;ensemble des ramifications de ce dossier qui secoue l&rsquo;opinion publique. <br \/>\u00a0 <\/p>\n<p data-path-to-node=\"3\" style=\"--animation-duration: 447ms;\">Bien que le policier conteste fermement les accusations d&rsquo;actes contre nature port\u00e9es contre lui, il a \u00e9t\u00e9 soumis \u00e0 un test de d\u00e9pistage du VIH dont les r\u00e9sultats se sont r\u00e9v\u00e9l\u00e9s n\u00e9gatifs. Malgr\u00e9 cet \u00e9l\u00e9ment de d\u00e9charge sur le plan sanitaire, l&rsquo;agent reste maintenu en position de garde \u00e0 vue avec deux autres suspects.\u00a0 <\/p>\n<p>Sauf changement de derni\u00e8re minute, les trois mis en cause seront d\u00e9f\u00e9r\u00e9s devant le magistrat instructeur ce lundi pour r\u00e9pondre des faits qui leur sont reproch\u00e9s dans cette affaire aux multiples <br \/>rebondissements. <br \/>\u00a0 <\/p>\n<p data-path-to-node=\"4\">MS\/NDARINFO <br \/>\u00a0 <\/p>\n<p data-path-to-node=\"6\">\u00a0 <\/p>\n","protected":false},"excerpt":{"rendered":"L\u2019enqu\u00eate sur le r\u00e9seau de m\u0153urs et de transmission du VIH franchit une nouvelle \u00e9tape avec l&rsquo;arrestation de&hellip;\n","protected":false},"author":2,"featured_media":28349,"comment_status":"","ping_status":"","sticky":false,"template":"","format":"standard","meta":{"footnotes":"","_share_on_mastodon":"0"},"categories":[84],"tags":[4862,10647,12217,12218,10789,12219,12220,12221,11],"class_list":["post-28348","post","type-post","status-publish","format-standard","has-post-thumbnail","category-senegal","tag-actes-contre-nature-senegal-2026","tag-actualite-ndarinfo","tag-affaire-homosexualite-senegal","tag-agent-de-police-arrete-senegal","tag-brigade-de-recherches-keur-massar","tag-delegation-judiciaire-moeurs","tag-enquete-moeurs-seneweb","tag-juge-d","tag-senegal"],"share_on_mastodon":{"url":"https:\/\/pubeurope.com\/@afrique\/116147167164035558","error":""},"_links":{"self":[{"href":"https:\/\/www.europesays.com\/afrique\/wp-json\/wp\/v2\/posts\/28348","targetHints":{"allow":["GET"]}}],"collection":[{"href":"https:\/\/www.europesays.com\/afrique\/wp-json\/wp\/v2\/posts"}],"about":[{"href":"https:\/\/www.europesays.com\/afrique\/wp-json\/wp\/v2\/types\/post"}],"author":[{"embeddable":true,"href":"https:\/\/www.europesays.com\/afrique\/wp-json\/wp\/v2\/users\/2"}],"replies":[{"embeddable":true,"href":"https:\/\/www.europesays.com\/afrique\/wp-json\/wp\/v2\/comments?post=28348"}],"version-history":[{"count":0,"href":"https:\/\/www.europesays.com\/afrique\/wp-json\/wp\/v2\/posts\/28348\/revisions"}],"wp:featuredmedia":[{"embeddable":true,"href":"https:\/\/www.europesays.com\/afrique\/wp-json\/wp\/v2\/media\/28349"}],"wp:attachment":[{"href":"https:\/\/www.europesays.com\/afrique\/wp-json\/wp\/v2\/media?parent=28348"}],"wp:term":[{"taxonomy":"category","embeddable":true,"href":"https:\/\/www.europesays.com\/afrique\/wp-json\/wp\/v2\/categories?post=28348"},{"taxonomy":"post_tag","embeddable":true,"href":"https:\/\/www.europesays.com\/afrique\/wp-json\/wp\/v2\/tags?post=28348"}],"curies":[{"name":"wp","href":"https:\/\/api.w.org\/{rel}","templated":true}]}}