{"id":2961,"date":"2026-02-05T09:34:06","date_gmt":"2026-02-05T09:34:06","guid":{"rendered":"https:\/\/www.europesays.com\/afrique\/2961\/"},"modified":"2026-02-05T09:34:06","modified_gmt":"2026-02-05T09:34:06","slug":"la-tunisie-pivot-de-lespace-strategique-afro-mediterraneen","status":"publish","type":"post","link":"https:\/\/www.europesays.com\/afrique\/2961\/","title":{"rendered":"La Tunisie pivot de l\u2019espace strat\u00e9gique afro-m\u00e9diterran\u00e9en"},"content":{"rendered":"<p>The liveblog has ended.<\/p>\n<p>No liveblog updates yet.<\/p>\n<p>Load more            <\/p>\n<p>Facebook<br \/>\nTwitter<br \/>\nLinkedIn<br \/>\nWhatsApp<\/p>\n<p>Dans un monde marqu\u00e9 par l\u2019\u00e9mergence d\u2019une instabilit\u00e9 g\u00e9opolitique globale, par la non-lin\u00e9arit\u00e9 et l\u2019impr\u00e9visibilit\u00e9 croissante des rapports de force, la Tunisie s\u2019impose comme un pivot du Sud global. Un acteur capable de relier continents, blocs et cultures dans un moment de recomposition internationale.<\/p>\n<p>Cette position repose sur une vision au long cours port\u00e9e par une agilit\u00e9 diplomatique, le multi-ancrage et sur un rayonnement r\u00e9gional et international qui conjugue \u00e9conomie, patrimoine, culture, diaspora et innovation. Elle s\u2019appuie \u00e9galement sur une capacit\u00e9 de networking dans un environnement instable, ainsi que sur des r\u00e9formes internes destin\u00e9es \u00e0 renforcer la coh\u00e9sion et l\u2019attractivit\u00e9 du pays.<\/p>\n<p>Selon une analyse r\u00e9cente du Stimson Center, un think tank bas\u00e9 \u00e0 Washington, de catalyseur \u00e0 n\u0153ud de connectivit\u00e9 strat\u00e9gique, la Tunisie occupe une place singuli\u00e8re dans la recomposition de l\u2019espace M\u00e9diterran\u00e9e \u2013 Afrique du Nord \u2013 Sahel, d\u00e9sormais consid\u00e9r\u00e9 comme un continuum g\u00e9opolitique int\u00e9gr\u00e9.<\/p>\n<p>Un pays pivot entre M\u00e9diterran\u00e9e et Sahara<\/p>\n<p>A cet effet, on r\u00e9v\u00e8le que g\u00e9ographiquement situ\u00e9e \u00e0 l\u2019interface entre l\u2019Europe, le Maghreb et le Sahel, la Tunisie n\u2019est plus une p\u00e9riph\u00e9rie mais un espace de transit strat\u00e9gique. Elle est directement affect\u00e9e par les dynamiques sah\u00e9liennes. Le Sahara, loin d\u2019\u00eatre une barri\u00e8re, agit comme un corridor reliant la Tunisie aux d\u00e9fis sah\u00e9liens et \u00e0 diff\u00e9rents enjeux europ\u00e9ens.<\/p>\n<p>Ainsi, la Tunisie demeure un acteur central de la connectivit\u00e9 \u00e9nerg\u00e9tique euro-m\u00e9diterran\u00e9enne. Le gazoduc Transmed \/ Enrico Mattei, qui relie l\u2019Alg\u00e9rie \u00e0 l\u2019Italie via le territoire tunisien, reste l\u2019un des axes gaziers les plus importants de la M\u00e9diterran\u00e9e, d\u00e9montrant une r\u00e9silience notable malgr\u00e9 les turbulences r\u00e9gionales.<\/p>\n<p>En 2025, Tunis a renforc\u00e9 ce r\u00f4le en rejoignant officiellement le projet SoutH2, corridor strat\u00e9gique destin\u00e9 \u00e0 acheminer de l\u2019hydrog\u00e8ne bas carbone de l\u2019Afrique du Nord vers l\u2019Europe, inscrivant le pays dans les nouvelles cha\u00eenes de valeur de la transition \u00e9nerg\u00e9tique.<\/p>\n<p>Une nouvelle centralit\u00e9 num\u00e9rique<\/p>\n<p>La Tunisie s\u2019impose \u00e9galement, d\u2019apr\u00e8s l\u2019analyse du think tank, comme n\u0153ud num\u00e9rique \u00e9mergent. Le c\u00e2ble sous-marin Medusa, entr\u00e9 en service fin 2025, relie directement Bizerte \u00e0 Marseille, r\u00e9duisant la latence num\u00e9rique entre les deux rives et int\u00e9grant la Tunisie dans un \u00e9cosyst\u00e8me num\u00e9rique m\u00e9diterran\u00e9en partag\u00e9. Cette infrastructure strat\u00e9gique renforce \u00e0 la fois les opportunit\u00e9s \u00e9conomiques et les enjeux de cybers\u00e9curit\u00e9.<\/p>\n<p>ELMED : un pont \u00e9lectrique entre deux continents<\/p>\n<p>Sous ce m\u00eame angle, on indique qu\u2019avec le projet ELMED, la Tunisie devient le point d\u2019ancrage de la premi\u00e8re interconnexion \u00e9lectrique en courant continu entre l\u2019Afrique et l\u2019Europe.<\/p>\n<p>Cette liaison de 600 MW avec l\u2019Italie, pr\u00e9vue pour 2028, vise \u00e0 s\u00e9curiser les approvisionnements, faciliter les \u00e9changes d\u2019\u00e9lectricit\u00e9 renouvelable et attirer des investissements dans les \u00e9nergies propres, positionnant la Tunisie comme un hub \u00e9nerg\u00e9tique euro-africain.<\/p>\n<p>Un r\u00f4le strat\u00e9gique accru<\/p>\n<p>De plus, aujourd\u2019hui, la Tunisie n\u2019est plus seulement un voisin m\u00e9diterran\u00e9en de l\u2019Europe. Elle est devenue un acteur structurant du continuum Maghreb -Sahel, \u00e0 la crois\u00e9e des routes \u00e9nerg\u00e9tiques et num\u00e9riques.<\/p>\n<p>Cette position offre des opportunit\u00e9s de coop\u00e9ration et de d\u00e9veloppement, mais place aussi le pays au c\u0153ur des d\u00e9fis d\u2019un espace afro-m\u00e9diterran\u00e9en de plus en plus int\u00e9gr\u00e9\u2026 et instable.<\/p>\n<p>Cependant, il est important de noter que depuis son ind\u00e9pendance, la Tunisie a v\u00e9cu \u00e0 l\u2019abri des grands bouleversements g\u00e9opolitiques qui ont embras\u00e9 son voisinage et est parvenue, dans une certaine mesure, \u00e0 se pr\u00e9munir des tensions g\u00e9n\u00e9r\u00e9es par les fractures dans les relations internationales, gr\u00e2ce \u00e0 une attitude de neutralit\u00e9 observ\u00e9e par le pouvoir durant plusieurs d\u00e9cennies.<\/p>\n<p>Le s\u00e9isme r\u00e9volutionnaire et les effets d\u00e9structurants de la globalisation vont faire basculer le pays, \u00e0 partir de l\u2019ann\u00e9e 2011 dans une situation de vassalit\u00e9.<\/p>\n<p>Le retournement des rapports de forces durant ces derni\u00e8res ann\u00e9es, a remis le pays sur la voie de la restauration de sa souverainet\u00e9, marquant ainsi une rupture avec les tendances d\u2019assujettissement aux strat\u00e9gies h\u00e9g\u00e9moniques de certaines puissances internationales.<\/p>\n<p>Cependant, cette entreprise n\u2019a \u00e9t\u00e9 envisageable que gr\u00e2ce \u00e0 l\u2019adoption d\u2019une doctrine g\u00e9opolitique inh\u00e9rente au pays, \u00e0 ses int\u00e9r\u00eats, \u00e0 son h\u00e9ritage conceptuel et qui \u00e9tait conforme aux valeurs sur lesquelles est \u00e9difi\u00e9e la r\u00e9publique.<\/p>\n<p>Le savoir g\u00e9opolitique constitue, \u00e0 ce titre, un instrument inestimable pour d\u00e9crypter le monde, identifier les acteurs, analyser leurs motivations, d\u00e9crire leurs intentions et rep\u00e9rer les alliances en gestation ou, au contraire, celles en voie de d\u00e9construction, dans une perspective de positionnement et d\u2019action sur et au sein des dynamiques en cours.<\/p>\n<p>Facebook<br \/>\nTwitter<br \/>\nLinkedIn<br \/>\nWhatsApp<\/p>\n<p>\n                                                Que se passe-t-il en Tunisie?<br \/>Nous expliquons sur notre <a href=\"https:\/\/www.youtube.com\/channel\/UCRzypVq0B_yBad5eGrwBx0Q?sub_confirmation=1\" target=\"_blank\" rel=\"nofollow noopener\">cha\u00eene YouTube<\/a> . <a href=\"https:\/\/www.youtube.com\/channel\/UCRzypVq0B_yBad5eGrwBx0Q?sub_confirmation=1\" target=\"_blank\" rel=\"nofollow noopener\">Abonnez-vous!<\/a><\/p>\n<p>\t\t\t\t\t\t\t\t\t\t\t\t\t\t\t\t\t\t\t\t\t\t\t\t\t<img loading=\"lazy\" decoding=\"async\" width=\"290\" height=\"78\" src=\"data:image\/svg+xml,%3Csvg%20xmlns=\" http:=\"\" data-lazy-src=\"https:\/\/www.europesays.com\/afrique\/wp-content\/uploads\/2026\/02\/Logo-Tn1-1-3.png\"\/><img loading=\"lazy\" decoding=\"async\" width=\"290\" height=\"78\" src=\"https:\/\/www.europesays.com\/afrique\/wp-content\/uploads\/2026\/02\/Logo-Tn1-1-3.png\"\/><\/p>\n","protected":false},"excerpt":{"rendered":"The liveblog has ended. No liveblog updates yet. Load more Facebook Twitter LinkedIn WhatsApp Dans un monde marqu\u00e9&hellip;\n","protected":false},"author":2,"featured_media":2962,"comment_status":"","ping_status":"","sticky":false,"template":"","format":"standard","meta":{"footnotes":""},"categories":[120],"tags":[2174,2175,2176,124],"class_list":{"0":"post-2961","1":"post","2":"type-post","3":"status-publish","4":"format-standard","5":"has-post-thumbnail","7":"category-tunisie","8":"tag-afro-mediterraneen","9":"tag-lespace-strategique","10":"tag-la-tunisie","11":"tag-tunisie"},"share_on_mastodon":{"url":"https:\/\/pubeurope.com\/@afrique\/116017343496293042","error":""},"_links":{"self":[{"href":"https:\/\/www.europesays.com\/afrique\/wp-json\/wp\/v2\/posts\/2961","targetHints":{"allow":["GET"]}}],"collection":[{"href":"https:\/\/www.europesays.com\/afrique\/wp-json\/wp\/v2\/posts"}],"about":[{"href":"https:\/\/www.europesays.com\/afrique\/wp-json\/wp\/v2\/types\/post"}],"author":[{"embeddable":true,"href":"https:\/\/www.europesays.com\/afrique\/wp-json\/wp\/v2\/users\/2"}],"replies":[{"embeddable":true,"href":"https:\/\/www.europesays.com\/afrique\/wp-json\/wp\/v2\/comments?post=2961"}],"version-history":[{"count":0,"href":"https:\/\/www.europesays.com\/afrique\/wp-json\/wp\/v2\/posts\/2961\/revisions"}],"wp:featuredmedia":[{"embeddable":true,"href":"https:\/\/www.europesays.com\/afrique\/wp-json\/wp\/v2\/media\/2962"}],"wp:attachment":[{"href":"https:\/\/www.europesays.com\/afrique\/wp-json\/wp\/v2\/media?parent=2961"}],"wp:term":[{"taxonomy":"category","embeddable":true,"href":"https:\/\/www.europesays.com\/afrique\/wp-json\/wp\/v2\/categories?post=2961"},{"taxonomy":"post_tag","embeddable":true,"href":"https:\/\/www.europesays.com\/afrique\/wp-json\/wp\/v2\/tags?post=2961"}],"curies":[{"name":"wp","href":"https:\/\/api.w.org\/{rel}","templated":true}]}}