{"id":3159,"date":"2026-02-05T11:49:35","date_gmt":"2026-02-05T11:49:35","guid":{"rendered":"https:\/\/www.europesays.com\/afrique\/3159\/"},"modified":"2026-02-05T11:49:35","modified_gmt":"2026-02-05T11:49:35","slug":"angola-dans-la-societe-civile-il-y-a-une-demande-de-reconciliation-pour-plus-de-justice-sociale-invite-afrique-midi","status":"publish","type":"post","link":"https:\/\/www.europesays.com\/afrique\/3159\/","title":{"rendered":"Angola: \u00abDans la soci\u00e9t\u00e9 civile, il y a une demande de r\u00e9conciliation pour plus de justice sociale\u00bb &#8211; Invit\u00e9 Afrique Midi"},"content":{"rendered":"<p class=\"t-content__chapo\">\n                                                \u00ab\u00a0Le prix du sang, de l\u2019ardeur et des larmes \u00bb, c&rsquo;est le lourd tribut que l&rsquo;Angola a d\u00fb payer pour acqu\u00e9rir son ind\u00e9pendance ce 11 novembre 1975. Ces mots sont ceux d\u2019Agostinho Neto, premier pr\u00e9sident de la R\u00e9publique populaire d&rsquo;Angola, chef du Mouvement populaire de lib\u00e9ration de l\u2019Angola, le MPLA, l&rsquo;un des p\u00e8res fondateurs du pays. L&rsquo;Angola c\u00e9l\u00e8bre aujourd&rsquo;hui les 50 ans de son ind\u00e9pendance avec une s\u00e9rie de c\u00e9r\u00e9monies qui commen\u00e7aient ce 11 novembre 2025, \u00e0 Luanda. Didier P\u00e9clard, professeur associ\u00e9 de sciences politiques et \u00e9tudes africaines \u00e0 l&rsquo;universit\u00e9 de Gen\u00e8ve en Suisse, est l\u2019invit\u00e9 d\u2019Afrique Midi.                    <\/p>\n<p><img fetchpriority=\"low\" decoding=\"async\" src=\"https:\/\/www.europesays.com\/afrique\/wp-content\/uploads\/2026\/02\/000-83NC79J.jpg\"   width=\"1024\" height=\"576\" alt=\"Le drapeau angolais et un drapeau comm\u00e9moratif sont hiss\u00e9s sur un poteau au M\u00e9morial Antonio Agostinho Neto, \u00e0 Luanda, en Angola, le 11 novembre 2025.\" loading=\"eager\" class=\"a-img \"\/><\/p>\n<p>                Le drapeau angolais et un drapeau comm\u00e9moratif sont hiss\u00e9s sur un poteau au M\u00e9morial Antonio Agostinho Neto, \u00e0 Luanda, en Angola, le 11 novembre 2025.                AFP &#8211; JULIO PACHECO NTELA            <\/p>\n<p class=\"a-read-more\">\u00c0 lire aussi<a href=\"https:\/\/www.rfi.fr\/fr\/afrique\/20251111-angola-50-ans-apr\u00e8s-l-ind\u00e9pendance-la-jeunesse-r\u00eave-de-libert\u00e9-et-de-prosp\u00e9rit\u00e9\" target=\"_self\" class=\"a-read-more__link\" rel=\"nofollow noopener\">Angola: 50 ans apr\u00e8s l&rsquo;ind\u00e9pendance, la jeunesse r\u00eave de libert\u00e9 et de prosp\u00e9rit\u00e9<\/a><\/p>\n","protected":false},"excerpt":{"rendered":"\u00ab\u00a0Le prix du sang, de l\u2019ardeur et des larmes \u00bb, c&rsquo;est le lourd tribut que l&rsquo;Angola a d\u00fb&hellip;\n","protected":false},"author":2,"featured_media":3160,"comment_status":"","ping_status":"","sticky":false,"template":"","format":"standard","meta":{"footnotes":""},"categories":[143],"tags":[6,237,1175],"class_list":{"0":"post-3159","1":"post","2":"type-post","3":"status-publish","4":"format-standard","5":"has-post-thumbnail","7":"category-angola","8":"tag-afrique","9":"tag-angola","10":"tag-invite-afrique-midi"},"share_on_mastodon":{"url":"https:\/\/pubeurope.com\/@afrique\/116017873739101062","error":""},"_links":{"self":[{"href":"https:\/\/www.europesays.com\/afrique\/wp-json\/wp\/v2\/posts\/3159","targetHints":{"allow":["GET"]}}],"collection":[{"href":"https:\/\/www.europesays.com\/afrique\/wp-json\/wp\/v2\/posts"}],"about":[{"href":"https:\/\/www.europesays.com\/afrique\/wp-json\/wp\/v2\/types\/post"}],"author":[{"embeddable":true,"href":"https:\/\/www.europesays.com\/afrique\/wp-json\/wp\/v2\/users\/2"}],"replies":[{"embeddable":true,"href":"https:\/\/www.europesays.com\/afrique\/wp-json\/wp\/v2\/comments?post=3159"}],"version-history":[{"count":0,"href":"https:\/\/www.europesays.com\/afrique\/wp-json\/wp\/v2\/posts\/3159\/revisions"}],"wp:featuredmedia":[{"embeddable":true,"href":"https:\/\/www.europesays.com\/afrique\/wp-json\/wp\/v2\/media\/3160"}],"wp:attachment":[{"href":"https:\/\/www.europesays.com\/afrique\/wp-json\/wp\/v2\/media?parent=3159"}],"wp:term":[{"taxonomy":"category","embeddable":true,"href":"https:\/\/www.europesays.com\/afrique\/wp-json\/wp\/v2\/categories?post=3159"},{"taxonomy":"post_tag","embeddable":true,"href":"https:\/\/www.europesays.com\/afrique\/wp-json\/wp\/v2\/tags?post=3159"}],"curies":[{"name":"wp","href":"https:\/\/api.w.org\/{rel}","templated":true}]}}