{"id":31773,"date":"2026-03-03T17:26:17","date_gmt":"2026-03-03T17:26:17","guid":{"rendered":"https:\/\/www.europesays.com\/afrique\/31773\/"},"modified":"2026-03-03T17:26:17","modified_gmt":"2026-03-03T17:26:17","slug":"guendouz-nest-pas-certain-de-retrouver-len-en-mars","status":"publish","type":"post","link":"https:\/\/www.europesays.com\/afrique\/31773\/","title":{"rendered":"Guendouz n&rsquo;est pas certain de retrouver l&rsquo;EN en mars"},"content":{"rendered":"<p style=\"text-align: justify\">Vladimir Petkovic a un trio de gardiens de but \u00e0 composer pour le rassemblement de mars. Avec la retraite annonc\u00e9e par Oussama Benbot et Anthony Mandr\u00e9a qui serait tomb\u00e9 d\u00e9finitivement des plans du s\u00e9lectionneur national, il n\u2019y a que Luca Zidane qui survivra \u00e0 la CAN 2025. Sachant que Melvin Mastil devrait \u00eatre l\u00e0 pour le stage \u00e0 venir, il ne reste qu\u2019une place. Et elle se jouerait entre deux pr\u00e9tendants. Il s\u2019agit d\u2019Alexis Guendouz (MC Alger), choix num\u00e9ro 1 du coach de l\u2019EN auparavant et qui pourrait faire son retour, et Gaya Merbah revenu en force ces derniers temps avec la JS Kabylie.<\/p>\n<p style=\"text-align: justify\">Le s\u00e9lectionneur est face \u00e0 des choix importants pour un poste ultra-sensible. D\u2019un c\u00f4t\u00e9, il y a les keepers qu\u2019il conna\u00eet d\u00e9j\u00e0 et qui ont quelque peu vu leur performances baisser malgr\u00e9. On pense notamment \u00e0 Alexis Guendouz (16 clean sheet en 25 apparitions dans toutes les \u00e9preuves avec le Doyen) que le premier responsable de la barre technique Dz consid\u00e9rait comme titulaire avant l\u2019arriv\u00e9e de Luca Zidane.<\/p>\n<p>Le mois de mars rappelle de bons souvenirs \u00e0 Merbah<\/p>\n<p style=\"text-align: justify\">Globalement, l\u2019ancien portier de l\u2019USM Alger a donn\u00e9 satisfaction non sans montrer certaines lacunes. Particuli\u00e8rement pour ce qui est son jeu de pied et ses relances. Entretemps, il y a Gaya Merbah (5 clean sheet en 13 matchs) qui s\u2019est remis de sa grosse blessure et a pu livrer des matchs int\u00e9ressants comme celui face \u00e0 Al Ahly SC en Ligue des Champions UEFA. Sur les qualit\u00e9s intrins\u00e8ques, le Canari\u00a0peut pr\u00e9tendre \u00e0 une place chez les Verts.\u00a0<\/p>\n<p style=\"text-align: justify\">Par le pass\u00e9, il avait int\u00e9gr\u00e9 les Fennecs sous les ordres de Djamel Belmadi. C\u2019\u00e9tait en mars 2019 pour le match amical contre la Tunisie. Cependant, il n\u2019avait pas pu honorer sa premi\u00e8re cape restant sur la banc au profit d\u2019Alexandre Oukidja qui avait suppl\u00e9e Ra\u00efs M\u2019Bolhi, absent pour ledit rassemblement. Est-ce que le mois de mars sera \u2013 une nouvelle fois \u2013 porteur de bonnes nouvelles pour Merbah ? Cela reste \u00e0 voir.<\/p>\n","protected":false},"excerpt":{"rendered":"Vladimir Petkovic a un trio de gardiens de but \u00e0 composer pour le rassemblement de mars. Avec la&hellip;\n","protected":false},"author":2,"featured_media":31774,"comment_status":"","ping_status":"","sticky":false,"template":"","format":"standard","meta":{"footnotes":"","_share_on_mastodon":"0"},"categories":[85],"tags":[9325,116,9326,5825,13400,3296,1805,7471,9328,1810],"class_list":["post-31773","post","type-post","status-publish","format-standard","has-post-thumbnail","category-algerie","tag-alexis-guendouz","tag-algerie","tag-anthony-mandrea","tag-djamel-belmadi","tag-gaya-merbah-jsk","tag-ligue-des-champions-caf","tag-luca-zidane","tag-mc-alger","tag-oussama-benbot","tag-vladimir-petkovic"],"share_on_mastodon":{"url":"https:\/\/pubeurope.com\/@afrique\/116166418993471232","error":""},"_links":{"self":[{"href":"https:\/\/www.europesays.com\/afrique\/wp-json\/wp\/v2\/posts\/31773","targetHints":{"allow":["GET"]}}],"collection":[{"href":"https:\/\/www.europesays.com\/afrique\/wp-json\/wp\/v2\/posts"}],"about":[{"href":"https:\/\/www.europesays.com\/afrique\/wp-json\/wp\/v2\/types\/post"}],"author":[{"embeddable":true,"href":"https:\/\/www.europesays.com\/afrique\/wp-json\/wp\/v2\/users\/2"}],"replies":[{"embeddable":true,"href":"https:\/\/www.europesays.com\/afrique\/wp-json\/wp\/v2\/comments?post=31773"}],"version-history":[{"count":0,"href":"https:\/\/www.europesays.com\/afrique\/wp-json\/wp\/v2\/posts\/31773\/revisions"}],"wp:featuredmedia":[{"embeddable":true,"href":"https:\/\/www.europesays.com\/afrique\/wp-json\/wp\/v2\/media\/31774"}],"wp:attachment":[{"href":"https:\/\/www.europesays.com\/afrique\/wp-json\/wp\/v2\/media?parent=31773"}],"wp:term":[{"taxonomy":"category","embeddable":true,"href":"https:\/\/www.europesays.com\/afrique\/wp-json\/wp\/v2\/categories?post=31773"},{"taxonomy":"post_tag","embeddable":true,"href":"https:\/\/www.europesays.com\/afrique\/wp-json\/wp\/v2\/tags?post=31773"}],"curies":[{"name":"wp","href":"https:\/\/api.w.org\/{rel}","templated":true}]}}