{"id":32357,"date":"2026-03-04T07:38:07","date_gmt":"2026-03-04T07:38:07","guid":{"rendered":"https:\/\/www.europesays.com\/afrique\/32357\/"},"modified":"2026-03-04T07:38:07","modified_gmt":"2026-03-04T07:38:07","slug":"le-patrouilleur-de-haute-mer-commandant-bouan-se-joint-a-la-marine-ghaneenne-dans-des-operations-de-lutte-contre-la-piraterie","status":"publish","type":"post","link":"https:\/\/www.europesays.com\/afrique\/32357\/","title":{"rendered":"Le patrouilleur de haute-mer Commandant Bouan se joint \u00e0 la marine ghan\u00e9enne dans des op\u00e9rations de lutte contre la piraterie"},"content":{"rendered":"<p>  <img decoding=\"async\" src=\"https:\/\/www.europesays.com\/afrique\/wp-content\/uploads\/2026\/03\/c02a608603745ea803e0d08b2cd9a2.webp.webp\" class=\"card-img-top\" alt=\"Le patrouilleur de haute-mer Commandant Bouan\"\/><\/p>\n<p>\n        Le patrouilleur de haute-mer Commandant Bouan<\/p>\n<p>\t\tCr\u00e9dits : Ambassade de France au Ghana\n      <\/p>\n<p>    Previous<\/p>\n<p>    Next<\/p>\n<p>Le Ghana et la France ont renforc\u00e9 leur coop\u00e9ration navale\u00a0: le patrouilleur de haute-mer Commandant Bouan a rejoint les op\u00e9rations de s\u00e9curit\u00e9 conjointes men\u00e9es dans les eaux territoriales ghan\u00e9ennes afin de lutter contre la mont\u00e9e des menaces maritimes dans le golfe de Guin\u00e9e.<\/p>\n<p>Selon un message publi\u00e9 sur la page Facebook du minist\u00e8re de la D\u00e9fense le mardi 3 mars, de hauts responsables politiques et militaires du Ghana, accompagn\u00e9 de l\u2019ambassadrice de France au Ghana, ont effectu\u00e9 une visite de courtoisie \u00e0 bord du Commandant Bouan, en escale au port de Tema.<\/p>\n<p>Ce navire de 83 m\u00e8tres, command\u00e9 par le capitaine de corvette Damien Tocquer et arm\u00e9 par un \u00e9quipage de 104 marins, op\u00e8re dans les eaux ghan\u00e9ennes afin de renforcer la s\u00e9curit\u00e9 maritime et la coop\u00e9ration navale entre les deux pays.<\/p>\n<p>Il a d\u00e9j\u00e0 men\u00e9 des patrouilles conjointes de lutte contre la piraterie avec la marine ghan\u00e9enne et devrait proc\u00e9der \u00e0 d\u2019autres exercices d\u2019entra\u00eenement afin d\u2019am\u00e9liorer l\u2019interop\u00e9rabilit\u00e9 et la capacit\u00e9 op\u00e9rationnelle.<\/p>\n<p>Lors de sa visite, le ministre ghan\u00e9en de la d\u00e9fense a r\u00e9affirm\u00e9 les liens militaires \u00e9troits qui unissent le Ghana \u00e0 la France et s\u2019est f\u00e9licit\u00e9 du soutien technique continu et des exercices conjoints.<\/p>\n<p>Il a toutefois exprim\u00e9 son inqui\u00e9tude face \u00e0 la recrudescence des vols en haute mer visant les p\u00eacheurs artisanaux, qualifiant l\u2019ins\u00e9curit\u00e9 maritime de menace commune croissante, comparable au terrorisme dans la sous-r\u00e9gion.<\/p>\n<p>Il a appel\u00e9 \u00e0 un renforcement du soutien international, notamment en mati\u00e8re de fourniture d\u2019\u00e9quipements de surveillance de pointe, afin de consolider la capacit\u00e9 du Ghana \u00e0 s\u00e9curiser ses eaux territoriales.<\/p>\n<p>Le patrouilleur, en provenance du Gabon, devrait rester dans les eaux ghan\u00e9ennes jusqu\u2019au 6 mars 2026, avant de se rendre en Guin\u00e9e-Conakry.<\/p>\n<p>R\u00e9f\u00e9rence : <\/p>\n<p><a href=\"https:\/\/citinewsroom.com\/2026\/03\/french-patrol-vessel-joins-ghana-navy-in-anti-piracy-operations\/\" target=\"_blank\" rel=\"nofollow noopener\">Citi Newsroom (Ghana)<\/a><\/p>\n<p>\t\tEscales : <\/p>\n<p>4\/03\/2026 au 6\/03\/2026 : Cdt Bouan F797 \u00e0 Tema (Ghana)<\/p>\n","protected":false},"excerpt":{"rendered":"Le patrouilleur de haute-mer Commandant Bouan Cr\u00e9dits : Ambassade de France au Ghana Previous Next Le Ghana et&hellip;\n","protected":false},"author":2,"featured_media":32358,"comment_status":"","ping_status":"","sticky":false,"template":"","format":"standard","meta":{"footnotes":"","_share_on_mastodon":"0"},"categories":[161],"tags":[278,3401,23,2900,8754],"class_list":["post-32357","post","type-post","status-publish","format-standard","has-post-thumbnail","category-ghana","tag-ghana","tag-informations","tag-marine-nationale","tag-sous-marin","tag-sous-marins"],"share_on_mastodon":{"url":"https:\/\/pubeurope.com\/@afrique\/116169769285373403","error":""},"_links":{"self":[{"href":"https:\/\/www.europesays.com\/afrique\/wp-json\/wp\/v2\/posts\/32357","targetHints":{"allow":["GET"]}}],"collection":[{"href":"https:\/\/www.europesays.com\/afrique\/wp-json\/wp\/v2\/posts"}],"about":[{"href":"https:\/\/www.europesays.com\/afrique\/wp-json\/wp\/v2\/types\/post"}],"author":[{"embeddable":true,"href":"https:\/\/www.europesays.com\/afrique\/wp-json\/wp\/v2\/users\/2"}],"replies":[{"embeddable":true,"href":"https:\/\/www.europesays.com\/afrique\/wp-json\/wp\/v2\/comments?post=32357"}],"version-history":[{"count":0,"href":"https:\/\/www.europesays.com\/afrique\/wp-json\/wp\/v2\/posts\/32357\/revisions"}],"wp:featuredmedia":[{"embeddable":true,"href":"https:\/\/www.europesays.com\/afrique\/wp-json\/wp\/v2\/media\/32358"}],"wp:attachment":[{"href":"https:\/\/www.europesays.com\/afrique\/wp-json\/wp\/v2\/media?parent=32357"}],"wp:term":[{"taxonomy":"category","embeddable":true,"href":"https:\/\/www.europesays.com\/afrique\/wp-json\/wp\/v2\/categories?post=32357"},{"taxonomy":"post_tag","embeddable":true,"href":"https:\/\/www.europesays.com\/afrique\/wp-json\/wp\/v2\/tags?post=32357"}],"curies":[{"name":"wp","href":"https:\/\/api.w.org\/{rel}","templated":true}]}}