{"id":3273,"date":"2026-02-05T13:00:20","date_gmt":"2026-02-05T13:00:20","guid":{"rendered":"https:\/\/www.europesays.com\/afrique\/3273\/"},"modified":"2026-02-05T13:00:20","modified_gmt":"2026-02-05T13:00:20","slug":"au-forum-europe-afrique-de-la-tribune-a-marseille-oleksandra-matviichuk-prix-nobel","status":"publish","type":"post","link":"https:\/\/www.europesays.com\/afrique\/3273\/","title":{"rendered":"Au Forum Europe-Afrique de La Tribune \u00e0 Marseille \/ Oleksandra MATVIICHUK, Prix Nobel (\u2026)"},"content":{"rendered":"<p>La Prix Nobel de la Paix, l\u2019Ukrainienne Oleksandra MATVIICHUK, lors de l\u2019entrevue avec le Grand reporter Bruno Fanucchi, \u00e0 l\u2019occasion du Forum Europe-Afrique organis\u00e9 par La Tribune et La Tribune Afrique \u00e0 Marseille, le 7\u00a0mai 2024. \u00a9 Jacqueline Essiomley<\/p>\n<p>\t\t\t\t\t\t\t\tInvit\u00e9e d\u2019honneur du IIIe Forum Europe-Afrique organis\u00e9 par La Tribune \u00e0 Marseille, l\u2019Ukrainienne Oleksandra MATVIICHUK (Prix Nobel de la Paix 2022) a solennellement demand\u00e9 aux pays africains de ne plus collaborer avec la Russie de Poutine qui m\u00e8ne une guerre cruelle et meurtri\u00e8re contre son pays et veut faire main basse sur une partie de l\u2019Afrique. Interview exclusive.\n\t\t\t\t\t\t\t<\/p>\n<p style=\"color:white;\">.<\/p>\n<p>\nPropos recueillis par notre envoy\u00e9 sp\u00e9cial \u00e0 Marseille, <br \/>Bruno FANUCCHI pour AfricaPresse.Paris (APP) <a href=\"https:\/\/twitter.com\/africa_presse\" class=\"spip_out\" rel=\"external nofollow noopener\" target=\"_blank\">@africa_presse<\/a> <\/p>\n<p style=\"color:white;\">.<\/p>\n<p>AfricaPresse.paris (APP) \u2013 Quel est le sens de votre pr\u00e9sence dans un Forum consacr\u00e9 \u00e0 l\u2019Afrique\u00a0?<\/p>\n<p>Oleksandra MATVIICHUK \u2013 Ukrainienne, j\u2019incarne un \u00c9tat qui a recouvr\u00e9 son ind\u00e9pendance depuis seulement 1991. Nous avons longtemps \u00e9t\u00e9 sous le joug de la Russie et nous nous sommes battus pour notre ind\u00e9pendance. Depuis cette date, nous avons eu l\u2019opportunit\u00e9 de retrouver notre libert\u00e9 et notre souverainet\u00e9 et de pouvoir b\u00e9n\u00e9ficier de cette transition d\u00e9mocratique pour acc\u00e9der \u00e0 l\u2019ind\u00e9pendance. En raison de cette domination russe, nous avions tr\u00e8s peu de relations avec d\u2019autres \u00c9tats et notamment les pays africains. Et je suis tr\u00e8s heureuse d\u2019\u00eatre ici, \u00e0 ce Forum de Marseille, pour accro\u00eetre et am\u00e9liorer nos relations avec l\u2019Afrique.<\/p>\n<p>APP \u2013 D\u2019autant plus que votre pays ouvre actuellement des ambassades sur le Continent&#8230;<\/p>\n<p>Oleksandra MATVIICHUK \u2013 C\u2019est exact. Nous venons ainsi d\u2019ouvrir une ambassade en C\u00f4te d\u2019Ivoire et d\u2019autres sont pr\u00e9vues. J\u2019esp\u00e8re que ce processus d\u2019instauration de relations diplomatiques avec de nombreux pays africains se d\u00e9roulera rapidement, car nous avons besoin de contrecarrer au plus vite l\u2019intense propagande et d\u00e9sinformation russe sur le Continent, mais en r\u00e9alit\u00e9 cela prendra un certain temps. Bien que nous soyons \u00e9loign\u00e9s g\u00e9ographiquement, nous sommes assez proches en termes de valeurs. Plusieurs \u00c9tats africains savent ce que c\u2019est de se battre pour leur ind\u00e9pendance et leur libert\u00e9. Nous pouvons donc beaucoup apprendre de l\u2019exp\u00e9rience de ces \u00c9tats africains.<\/p>\n<p>APP \u2013 Comment expliquez-vous que plusieurs pays d\u2019Afrique (Centrafrique, Mali, Burkina Faso ou Niger) aient un faible pour Poutine et accueillent sur leur territoire les mercenaires du groupe Wagner \u2013 rebaptis\u00e9 \u00ab\u00a0Africa Corps\u00a0\u00bb \u2013 qui vous font aussi la guerre en Ukraine\u00a0?<\/p>\n<p>Oleksandra MATVIICHUK \u2013 C\u2019est le m\u00eame plan que la Russie de Poutine impose dans plusieurs \u00c9tats. La Russie et ses mercenaires ont d\u00e9j\u00e0 commis de nombreux crimes en Tch\u00e9tch\u00e9nie, en Moldavie, en G\u00e9orgie, en Syrie, mais aussi en Libye, au Mali et dans les pays que vous venez de citer&#8230; Et je viens ici les d\u00e9noncer publiquement. Car, aujourd\u2019hui en Ukraine, nous avons l\u2019opportunit\u00e9 de briser le cycle de l\u2019impunit\u00e9.<br class=\"autobr\"\/><br \/>\nNous, les Ukrainiens, ne nous battons pas uniquement pour nous-m\u00eames. Nous nous battons pour stopper d\u00e9finitivement cette impunit\u00e9 dont b\u00e9n\u00e9ficie sur la sc\u00e8ne internationale la Russie qui se croit tout permis.<\/p>\n<p> <a href=\"https:\/\/www.africapresse.paris\/IMG\/jpg\/w-_a_la_tribune_oleksandra_matviitchuk_de_nonce_les_crimes_de_guerre_russes_en_ukraine_photo_bf_.jpg\" class=\"spip_doc_lien mediabox\" type=\"image\/jpeg\" rel=\"nofollow noopener\" target=\"_blank\"><br \/>\n\t\t<img loading=\"lazy\" decoding=\"async\" src=\"https:\/\/www.europesays.com\/afrique\/wp-content\/uploads\/2026\/02\/w-_a_la_tribune_oleksandra_matviitchuk_de_nonce_les_crimes_de_guerre_russes_en_ukraine_photo_bf_-540.jpeg\" width=\"540\" height=\"308\" alt=\"\"\/><\/a><\/p>\n<p>Lors de son intervention, Oleksandra MATVIITCHUK a d\u00e9nonc\u00e9 les crimes de guerre russes en Ukraine \u00a9 BF\/APP<\/p>\n<p style=\"color:white;\">.<\/p>\n<p>\u00ab\u00a0Cette guerre d\u2019agression a commenc\u00e9 en r\u00e9alit\u00e9<br \/>il y a dix ans, avec l\u2019annexion de la Crim\u00e9e\u00a0\u00bb<\/p>\n<p style=\"color:white;\">.<\/p>\n<p>\nAPP \u2013 Vous vous battez aussi pour l\u2019Europe\u00a0?<\/p>\n<p>Oleksandra MATVIICHUK \u2013 Nous nous battons, en effet, pour la libert\u00e9 en Europe et la d\u00e9fense de ses valeurs car nous sommes tous inter-connect\u00e9s. Laissez-moi vous expliquer l\u2019origine et les v\u00e9ritables racines de cette guerre. Pour la communaut\u00e9 internationale, la guerre en Ukraine est devenue visible \u00e0 partir de f\u00e9vrier 2022 et le d\u00e9clenchement de ce que Poutine a appel\u00e9  son \u00ab\u00a0op\u00e9ration sp\u00e9ciale\u00a0\u00bb, mais en r\u00e9alit\u00e9 cette guerre d\u2019agression a commenc\u00e9 il y a dix ans, en mars 2014, et l\u2019annexion de la Crim\u00e9e par la Russie.<\/p>\n<p>Pourquoi Poutine a-t-il envahi la Crim\u00e9e et provoqu\u00e9 d\u00e8s 2014 de s\u00e9rieux troubles dans les r\u00e9gions russophones du Donbass, dans l\u2019Est de l\u2019Ukraine\u00a0? Parce que dix ans plus t\u00f4t, en 2004, le peuple ukrainien s\u2019\u00e9tait d\u00e9j\u00e0 r\u00e9volt\u00e9 contre les graves injustices commises par le \u00ab\u00a0grand fr\u00e8re\u00a0\u00bb russe en Ukraine. Des millions de personnes sont descendues dans la rue pour manifester pacifiquement contre la mainmise de la Russie sur l\u2019Ukraine. Ce fut la \u00ab\u00a0R\u00e9volution orange de la dignit\u00e9\u00a0\u00bb\u00a0!<\/p>\n<p>Et quand le r\u00e9gime pro-russe \u2013 alors au pouvoir \u00e0 Kiev \u2013 a \u00e9t\u00e9 battu, nous avons eu la chance de mettre en place une transition d\u00e9mocratique et, pour pouvoir briser cet \u00e9lan d\u00e9mocratique et ce souhait de l\u2019Ukraine de se rapprocher de l\u2019Union europ\u00e9enne, la Russie de Poutine a multipli\u00e9 les agressions et provocations dans notre pays redevenu ind\u00e9pendant, et pr\u00e9par\u00e9 de longue date son invasion de l\u2019Ukraine.<\/p>\n<p>APP \u2013 Avocate et Pr\u00e9sidente du Centre pour les libert\u00e9s civiles (fond\u00e9 \u00e0 Kiev en 2007), vous enqu\u00eatez depuis dix ans sur les crimes de guerre commis dans votre pays. Pouvez-vous nous en dire plus\u00a0?<\/p>\n<p>Oleksandra MATVIICHUK \u2013 Nous nous battons pour recenser, enqu\u00eater et d\u00e9noncer de nombreux crimes de guerre commis par les troupes russes en Ukraine. Car, chez nous, l\u2019occupation russe signifie des enl\u00e8vements et des disparitions, des viols et des abus sexuels, des tortures et des d\u00e9tentions arbitraires, des fosses communes et des d\u00e9portations d\u2019enfants\u00a0!<\/p>\n<p>J\u2019ai moi-m\u00eame rencontr\u00e9 et interview\u00e9 des centaines de personnes qui ont surv\u00e9cu \u00e0 la captivit\u00e9 russe en Ukraine. Ils m\u2019ont racont\u00e9 des histoires horribles\u00a0: comment ils ont \u00e9t\u00e9 battus jour et nuit, viol\u00e9s, enferm\u00e9s dans des bo\u00eetes et tortur\u00e9s avec des chocs \u00e9lectriques, des ongles arrach\u00e9s &#8211; et je vous passe toutes les autres horreurs \u2013 pour qu\u2019un jour justice leur soit rendue.<br class=\"autobr\"\/><br \/>\nLa Russie de Poutine utilise d\u00e9lib\u00e9r\u00e9ment les crimes de guerre pour susciter la peur et tenter de briser la r\u00e9sistance du peuple ukrainien.<\/p>\n<p style=\"color:white;\">.<\/p>\n<p>\u00ab\u00a0En deux ans, nous avons recens\u00e9s <br \/>plus de 70 000 crimes de guerre\u00a0\u00bb<\/p>\n<p style=\"color:white;\">.<\/p>\n<p>\nAPP \u2013 Combien de dossiers avez-vous d\u00e9j\u00e0 instruit \u00e0 ce sujet\u00a0?<\/p>\n<p>Oleksandra MATVIICHUK \u2013 En seulement deux ans, depuis l\u2019invasion russe de l\u2019Ukraine de f\u00e9vrier 2022, nous avons r\u00e9uni plusieurs organisations r\u00e9gionales sur notre \u00ab\u00a0national network\u00a0\u00bb et avons r\u00e9ussi \u00e0 recenser, identifier et documenter plus de 70 000 crimes de guerre\u00a0!<\/p>\n<p>C\u2019est le syst\u00e8me que l\u2019occupant russe utilise pour terroriser la population et parfaire son annexion du pays. Je vous raconte une histoire vraie\u00a0: quand une grosse bourgade de l\u2019est du pays a \u00e9t\u00e9 lib\u00e9r\u00e9e de l\u2019occupation russe par l\u2019arm\u00e9e ukrainienne, nous avons d\u00e9couvert 319 tombes d\u2019enfants. Et nous d\u00e9couvrons encore aujourd\u2019hui ce genre d\u2019horreurs car l\u2019occupant se croit tout permis.<\/p>\n<p>APP \u2013 De nombreux enfants ukrainiens n\u2019ont-il pas \u00e9t\u00e9 aussi d\u00e9port\u00e9s en Russie\u00a0?<\/p>\n<p>Oleksandra MATVIICHUK \u2013 C\u2019est un tr\u00e8s grave probl\u00e8me. Quelque 19 000 petits Ukrainiens ont d\u00e9j\u00e0 \u00e9t\u00e9 d\u00e9port\u00e9s en Russie pour y \u00eatre naturalis\u00e9s et adopt\u00e9s de force par des familles russes. Et devenir ainsi des petits Russes coup\u00e9s d\u00e9finitivement de leur famille d\u2019origine. Et encore ne s\u2019agit-il l\u00e0 que de la partie \u00e9merg\u00e9e de l\u2019iceberg. Depuis deux ans, seuls 400 d\u2019entre eux ont pu \u00eatre r\u00e9cup\u00e9r\u00e9s et retrouver leur vraie famille en Ukraine. C\u2019est un v\u00e9ritable g\u00e9nocide, dont Poutine sera redevable devant la CPI (Cour p\u00e9nale internationale) et qui fait partie de sa politique d\u00e9lib\u00e9r\u00e9e visant \u00e0 \u00e9radiquer la nation ukrainienne dont il nie l\u2019existence.<\/p>\n<p>APP \u2013 C\u2019est le combat qui vous a valu d\u2019obtenir le Prix Nobel de la Paix en d\u00e9cembre 2022\u00a0?<\/p>\n<p>Oleksandra MATVIICHUK \u2013 Bien s\u00fbr\u00a0! Un Prix dont je suis tr\u00e8s fi\u00e8re et qui r\u00e9compense l\u2019inlassable travail du Centre pour les Libert\u00e9s civiles que je dirige. Un Prix que je partage avec mes colaur\u00e9ats\u00a0: l\u2019opposant bi\u00e9lorusse Al\u00e8s Bialiatski (actuellement emprisonn\u00e9) et l\u2019organisation \u00ab\u00a0M\u00e9morial\u00a0\u00bb, officiellement mise hors-la loi et dissoute sur ordre de Poutine  en d\u00e9cembre 2021. Deux mois seulement avant l\u2019invasion de l\u2019Ukraine. Mais la d\u00e9fense de l\u2019Ukraine, c\u2019est le combat et l\u2019histoire d\u2019une vie.<\/p>\n<p> <a href=\"https:\/\/www.africapresse.paris\/IMG\/jpg\/w-_la_prix_nobel_de_la_paix_oleksandra_matviichuk_avec_bruno_fanucchi_au_forum_eurpe-afrique_de_marseille_photo_jacqueline_essiomley_.jpg\" class=\"spip_doc_lien mediabox\" type=\"image\/jpeg\" rel=\"nofollow noopener\" target=\"_blank\"><br \/>\n\t\t<img loading=\"lazy\" decoding=\"async\" src=\"https:\/\/www.europesays.com\/afrique\/wp-content\/uploads\/2026\/02\/w-_la_prix_nobel_de_la_paix_oleksandra_matviichuk_avec_bruno_fanucchi_au_forum_eurpe-afrique_de_mars.jpeg\" width=\"540\" height=\"305\" alt=\"\"\/><\/a><\/p>\n<p>La Prix Nobel de la Paix Oleksandra MATVIICHUK avec le Grand reporter Bruno FANUCCHI, au Forum Europe-Afrique de Marseille, le 7\u00a0mai 2024. \u00a9 Jacqueline Essiomley<\/p>\n<p style=\"color:white;\">.<\/p>\n<p>\u00ab\u00a0C\u2019est tr\u00e8s important pour nous, Ukrainiens, <br \/>de savoir que nous ne sommes pas seuls\u00a0\u00bb<\/p>\n<p style=\"color:white;\">.<\/p>\n<p>\nAPP \u2013 Vous sentez-vous menac\u00e9e, aujourd\u2019hui\u00a0?<\/p>\n<p>Oleksandra MATVIICHUK \u2013 Je vis \u00e0 Kiev et, comme beaucoup de mes compatriotes, nous sommes constamment en danger\u00a0! En raison des incessants bombardements russes qui font nuit et jour d\u2019innombrables victimes au sein de la population civile. Chaque soir, quand on va se coucher, on ne sait pas ce qui va se passer et si l\u2019on sera toujours en vie le lendemain&#8230; Ici, \u00e0 Marseille, je me sens totalement en s\u00e9curit\u00e9, mais je vais bient\u00f4t rentrer \u00e0 Kiev, c\u2019est chez moi.<\/p>\n<p>APP \u2013 Un dernier message \u00e0 l\u2019adresse des Fran\u00e7ais et, bien s\u00fbr, des Africains pr\u00e9sents ici\u00a0?<\/p>\n<p>Oleksandra MATVIICHUK \u2013 Nous sommes d\u2019abord extr\u00eamement reconnaissant \u00e0 tous ceux qui aident l\u2019Ukraine dans cet \u00e9pisode dramatique. C\u2019est tr\u00e8s important de savoir que nous ne sommes pas seuls. Par son agression de l\u2019Ukraine et sa violation du droit international, la Russie prouve au monde entier qu\u2019avec une arm\u00e9e importante \u2013 qui ne respecte aucune loi de la guerre \u2013 elle peut faire tout ce qu\u2019elle veut.<\/p>\n<p>Et si nous laissons faire la Russie, elle ne s\u2019arr\u00eatera plus et d\u2019autres puissances lui embo\u00eeteront le pas pour faire la m\u00eame chose. Si on n\u2019arr\u00eate pas Poutine en Ukraine, il va aller plus loin et menacer la Pologne, les Pays baltes et bien d\u2019autres pays voisins car la Russie est un empire qui veut toujours s\u2019\u00e9tendre et ne conna\u00eet pas de fronti\u00e8res. Les Africains doivent ouvrir les yeux au plus vite sur ce r\u00e9gime criminel et ne plus collaborer de quelque fa\u00e7on que ce soit avec l\u2019agresseur russe.<\/p>\n<p>EN SAVOIR PLUS\u00a0:<br class=\"autobr\"\/><br \/>\n<a href=\"https:\/\/ccl.org.ua\" class=\"spip_url spip_out auto\" rel=\"nofollow external noopener\" target=\"_blank\">https:\/\/ccl.org.ua<\/a><\/p>\n<p style=\"color:white;\">.<\/p>\n<p>\u25ca \u25ca \u25ca \u25ca \u25ca \u25ca \u25ca \u25ca \u25ca \u25ca \u25ca \u25ca \u25ca \u25ca \u25ca \u25ca \u25ca \u25ca \u25ca \u25ca \u25ca \u25ca \u25ca \u25ca \u25ca \u25ca \u25ca \u25ca \u25ca \u25ca \u25ca \u25ca \u25ca\u25ca \u25ca \u25ca \u25ca \u25ca \u25ca \u25ca \u25ca \u25ca \u25ca \u25ca \u25ca \u25ca \u25ca \u25ca \u25ca \u25ca \u25ca \u25ca \u25ca \u25ca \u25ca \u25ca \u25ca \u25ca \u25ca \u25ca \u25ca \u25ca \u25ca \u25ca \u25ca \u25ca \u25ca \u25ca \u25ca \u25ca \u25ca<\/p>\n<p style=\"color:white;\">.<\/p>\n<p>INSCRIPTIONS LIBRES et OBLIGATOIRES pour assister  \u00e0 la  XIIIe Conf\u00e9rence des Ambassadeurs Africains de Paris, qui se tiendra <a href=\"https:\/\/africapresse.paris\/2817\" class=\"spip_out\" rel=\"external nofollow noopener\" target=\"_blank\">\u00e0 la Salle Colbert de l\u2019Assembl\u00e9e nationale, le jeudi 30\u00a0mai \u00e0 10 h, sur le th\u00e8me\u00a0: \u00ab\u00a0Comment d\u00e9risquer investissements et entreprises dans les pays frontaliers du Sahel en crise\u00a0?\u00a0\u00bb<\/a><\/p>\n<p><a href=\"https:\/\/africapresse.paris\/2817\" class=\"spip_out spip_doc_lien\" rel=\"nofollow noopener\" target=\"_blank\"><\/p>\n<p>\t\t<img loading=\"lazy\" decoding=\"async\" src=\"https:\/\/www.europesays.com\/afrique\/wp-content\/uploads\/2026\/02\/w1-salle_colbert_2_pour_site-30f08.jpg\" width=\"540\" height=\"270\" alt=\"\"\/><\/a><\/p>\n<p>\u25ca\u00a0\u25ca\u00a0\u25ca<\/p>\n<p><script async src=\"https:\/\/platform.twitter.com\/widgets.js\" charset=\"utf-8\"><\/script><\/p>\n","protected":false},"excerpt":{"rendered":"La Prix Nobel de la Paix, l\u2019Ukrainienne Oleksandra MATVIICHUK, lors de l\u2019entrevue avec le Grand reporter Bruno Fanucchi,&hellip;\n","protected":false},"author":2,"featured_media":3274,"comment_status":"","ping_status":"","sticky":false,"template":"","format":"standard","meta":{"footnotes":""},"categories":[2],"tags":[52,51],"class_list":{"0":"post-3273","1":"post","2":"type-post","3":"status-publish","4":"format-standard","5":"has-post-thumbnail","7":"category-europe","8":"tag-europe-africa","9":"tag-europe-afrique"},"share_on_mastodon":{"url":"https:\/\/pubeurope.com\/@afrique\/116018152909305570","error":""},"_links":{"self":[{"href":"https:\/\/www.europesays.com\/afrique\/wp-json\/wp\/v2\/posts\/3273","targetHints":{"allow":["GET"]}}],"collection":[{"href":"https:\/\/www.europesays.com\/afrique\/wp-json\/wp\/v2\/posts"}],"about":[{"href":"https:\/\/www.europesays.com\/afrique\/wp-json\/wp\/v2\/types\/post"}],"author":[{"embeddable":true,"href":"https:\/\/www.europesays.com\/afrique\/wp-json\/wp\/v2\/users\/2"}],"replies":[{"embeddable":true,"href":"https:\/\/www.europesays.com\/afrique\/wp-json\/wp\/v2\/comments?post=3273"}],"version-history":[{"count":0,"href":"https:\/\/www.europesays.com\/afrique\/wp-json\/wp\/v2\/posts\/3273\/revisions"}],"wp:featuredmedia":[{"embeddable":true,"href":"https:\/\/www.europesays.com\/afrique\/wp-json\/wp\/v2\/media\/3274"}],"wp:attachment":[{"href":"https:\/\/www.europesays.com\/afrique\/wp-json\/wp\/v2\/media?parent=3273"}],"wp:term":[{"taxonomy":"category","embeddable":true,"href":"https:\/\/www.europesays.com\/afrique\/wp-json\/wp\/v2\/categories?post=3273"},{"taxonomy":"post_tag","embeddable":true,"href":"https:\/\/www.europesays.com\/afrique\/wp-json\/wp\/v2\/tags?post=3273"}],"curies":[{"name":"wp","href":"https:\/\/api.w.org\/{rel}","templated":true}]}}