{"id":3277,"date":"2026-02-05T13:02:09","date_gmt":"2026-02-05T13:02:09","guid":{"rendered":"https:\/\/www.europesays.com\/afrique\/3277\/"},"modified":"2026-02-05T13:02:09","modified_gmt":"2026-02-05T13:02:09","slug":"avec-code-for-africa-le-mentorat-comme-levier-dexigence-journalistique","status":"publish","type":"post","link":"https:\/\/www.europesays.com\/afrique\/3277\/","title":{"rendered":"Avec Code For Africa, le mentorat comme levier d\u2019exigence journalistique"},"content":{"rendered":"<p class=\"firstp\">Dans un contexte m\u00e9diatique marqu\u00e9 par la circulation rapide de l\u2019information, la viralit\u00e9 des contenus et la multiplication des fausses nouvelles, la formation de journalistes capables de v\u00e9rifier, contextualiser et hi\u00e9rarchiser les faits constitue un enjeu majeur pour les m\u00e9dias africains. C\u2019est dans cette dynamique que s\u2019inscrit le programme de mentorat mis en place par Code For Africa, auquel la r\u00e9daction de SeneNews a pris part.<\/p>\n<p data-start=\"720\" data-end=\"1161\">Con\u00e7u comme un dispositif d\u2019apprentissage progressif, ce programme vise \u00e0 renforcer les pratiques professionnelles li\u00e9es au journalisme de v\u00e9rification. Il repose sur une approche m\u00e9thodique, centr\u00e9e sur la confrontation syst\u00e9matique des informations aux faits \u00e9tablis, aux donn\u00e9es disponibles et aux sources identifiables, avant toute diffusion. Cette exigence constitue le socle du travail journalistique propos\u00e9 dans le cadre du mentorat.\n<\/p>\n<p data-start=\"1163\" data-end=\"1630\">Le programme s\u2019est articul\u00e9 autour d\u2019un suivi \u00e9ditorial r\u00e9gulier, combinant production de contenus, exercices pratiques, analyses critiques et \u00e9valuations continues. <a href=\"https:\/\/www.senenews.com\/fact-checking\/internet-au-senegal-pourquoi-la-gratuite-totale-en-2026-est-une-idee-fausse_575034.html\" rel=\"nofollow noopener\" target=\"_blank\">Chaque \u00e9tape du processus mettait l\u2019accent sur la rigueur r\u00e9dactionnelle<\/a>, la pr\u00e9cision des informations et le respect des standards journalistiques. Les participants \u00e9taient ainsi amen\u00e9s \u00e0 revoir leurs m\u00e9thodes de travail, notamment dans la collecte, le traitement et la pr\u00e9sentation de l\u2019information.\n<\/p>\n<p data-start=\"1632\" data-end=\"2086\">L\u2019accompagnement assur\u00e9 par Eve Sokeng a occup\u00e9 une place centrale dans le d\u00e9roulement du mentorat. \u00c0 travers un encadrement structur\u00e9 et des retours d\u00e9taill\u00e9s, elle a contribu\u00e9 \u00e0 instaurer un cadre de travail exigeant, fond\u00e9 sur la discipline professionnelle et le respect des r\u00e8gles d\u00e9ontologiques du journalisme. Son intervention a permis de clarifier les attentes \u00e9ditoriales et de renforcer l\u2019autonomie des participants face aux choix r\u00e9dactionnels.\n<\/p>\n<p data-start=\"2088\" data-end=\"2564\">Au fil des semaines, le programme a permis de consolider plusieurs comp\u00e9tences cl\u00e9s. Parmi celles-ci figurent l\u2019identification et l\u2019\u00e9valuation de la fiabilit\u00e9 des sources, la lecture critique des d\u00e9clarations publiques, ainsi que la compr\u00e9hension des m\u00e9canismes de d\u00e9sinformation et de manipulation de l\u2019information. Une attention particuli\u00e8re a \u00e9galement \u00e9t\u00e9 accord\u00e9e \u00e0 la contextualisation des faits, \u00e9l\u00e9ment essentiel pour \u00e9viter les interpr\u00e9tations erron\u00e9es ou partielles.\n<\/p>\n<p data-start=\"2566\" data-end=\"2881\">Au-del\u00e0 de l\u2019acquisition d\u2019outils techniques, le mentorat a contribu\u00e9 \u00e0 renforcer une approche plus r\u00e9fl\u00e9chie du m\u00e9tier de journaliste. Il a encourag\u00e9 une pratique fond\u00e9e sur la v\u00e9rification pr\u00e9alable, la mise en perspective des donn\u00e9es et la volont\u00e9 d\u2019expliquer les faits de mani\u00e8re claire et accessible au public.<\/p>\n<p data-start=\"2883\" data-end=\"3423\">Le programme de Code For Africa s\u2019inscrit ainsi dans une d\u00e9marche plus large de renforcement des capacit\u00e9s des journalistes africains, en r\u00e9ponse aux d\u00e9fis contemporains de l\u2019\u00e9cosyst\u00e8me m\u00e9diatique. En mettant l\u2019accent sur la responsabilit\u00e9, l\u2019ind\u00e9pendance \u00e9ditoriale et la rigueur professionnelle, cette initiative d\u00e9passe le cadre d\u2019une simple formation et participe \u00e0 l\u2019am\u00e9lioration durable des pratiques journalistiques. Une exp\u00e9rience dont les enseignements continuent d\u2019influencer la pratique quotidienne et le rapport \u00e0 l\u2019information.<\/p>\n","protected":false},"excerpt":{"rendered":"Dans un contexte m\u00e9diatique marqu\u00e9 par la circulation rapide de l\u2019information, la viralit\u00e9 des contenus et la multiplication&hellip;\n","protected":false},"author":2,"featured_media":3278,"comment_status":"","ping_status":"","sticky":false,"template":"","format":"standard","meta":{"footnotes":"","_share_on_mastodon":"0"},"categories":[4],"tags":[6,2352,114,115],"class_list":["post-3277","post","type-post","status-publish","format-standard","has-post-thumbnail","category-afrique","tag-afrique","tag-fact-checking","tag-senegal-actualites","tag-societe"],"share_on_mastodon":{"url":"https:\/\/pubeurope.com\/@afrique\/116018160834082682","error":""},"_links":{"self":[{"href":"https:\/\/www.europesays.com\/afrique\/wp-json\/wp\/v2\/posts\/3277","targetHints":{"allow":["GET"]}}],"collection":[{"href":"https:\/\/www.europesays.com\/afrique\/wp-json\/wp\/v2\/posts"}],"about":[{"href":"https:\/\/www.europesays.com\/afrique\/wp-json\/wp\/v2\/types\/post"}],"author":[{"embeddable":true,"href":"https:\/\/www.europesays.com\/afrique\/wp-json\/wp\/v2\/users\/2"}],"replies":[{"embeddable":true,"href":"https:\/\/www.europesays.com\/afrique\/wp-json\/wp\/v2\/comments?post=3277"}],"version-history":[{"count":0,"href":"https:\/\/www.europesays.com\/afrique\/wp-json\/wp\/v2\/posts\/3277\/revisions"}],"wp:featuredmedia":[{"embeddable":true,"href":"https:\/\/www.europesays.com\/afrique\/wp-json\/wp\/v2\/media\/3278"}],"wp:attachment":[{"href":"https:\/\/www.europesays.com\/afrique\/wp-json\/wp\/v2\/media?parent=3277"}],"wp:term":[{"taxonomy":"category","embeddable":true,"href":"https:\/\/www.europesays.com\/afrique\/wp-json\/wp\/v2\/categories?post=3277"},{"taxonomy":"post_tag","embeddable":true,"href":"https:\/\/www.europesays.com\/afrique\/wp-json\/wp\/v2\/tags?post=3277"}],"curies":[{"name":"wp","href":"https:\/\/api.w.org\/{rel}","templated":true}]}}