{"id":32946,"date":"2026-03-04T18:30:07","date_gmt":"2026-03-04T18:30:07","guid":{"rendered":"https:\/\/www.europesays.com\/afrique\/32946\/"},"modified":"2026-03-04T18:30:07","modified_gmt":"2026-03-04T18:30:07","slug":"babacar-ba-exige-la-liste-des-beneficiaires","status":"publish","type":"post","link":"https:\/\/www.europesays.com\/afrique\/32946\/","title":{"rendered":"Babacar Ba exige la liste des b\u00e9n\u00e9ficiaires"},"content":{"rendered":"<p class=\"first-token\" data-path-to-node=\"0\">Le pr\u00e9sident du Forum du Justiciable, Babacar Ba, a officiellement interpell\u00e9 le ministre de la Communication, des T\u00e9l\u00e9communications et du Num\u00e9rique, Alioune Sall, au sujet du Fonds d&rsquo;appui au d\u00e9veloppement de la presse. <\/p>\n<p>Dans une d\u00e9claration faite sur les ondes de la Radio Futur M\u00e9dia (RFM) ce mercredi, le d\u00e9fenseur des droits des citoyens exige, au nom de la bonne gouvernance et de la transparence budg\u00e9taire, la publication exhaustive de la liste des m\u00e9dias, organes de presse et structures ayant b\u00e9n\u00e9fici\u00e9 de ces financements publics. <br \/>\u00a0 <\/p>\n<p data-path-to-node=\"1\">S&rsquo;appuyant sur les dispositions du Code de transparence dans la gestion des finances publiques, Babacar Ba mart\u00e8le que les S\u00e9n\u00e9galais ont le droit de savoir comment les deniers publics sont distribu\u00e9s. Il estime que la clart\u00e9 sur l&rsquo;identit\u00e9 des b\u00e9n\u00e9ficiaires, qu&rsquo;il s&rsquo;agisse de la presse \u00e9crite, audiovisuelle ou des sites d&rsquo;information en ligne, est une exigence d\u00e9mocratique fondamentale puisque cet argent appartient au contribuable.  <\/p>\n<p>MS\/NDARINFO <br \/>\u00a0 <\/p>\n<p data-path-to-node=\"2\">\u00a0 <\/p>\n","protected":false},"excerpt":{"rendered":"Le pr\u00e9sident du Forum du Justiciable, Babacar Ba, a officiellement interpell\u00e9 le ministre de la Communication, des T\u00e9l\u00e9communications&hellip;\n","protected":false},"author":2,"featured_media":32947,"comment_status":"","ping_status":"","sticky":false,"template":"","format":"standard","meta":{"footnotes":"","_share_on_mastodon":"0"},"categories":[84],"tags":[10647,13761,13762,13763,13764,13765,13766,11],"class_list":["post-32946","post","type-post","status-publish","format-standard","has-post-thumbnail","category-senegal","tag-actualite-ndarinfo","tag-aide-a-la-presse-senegal-2026","tag-alioune-sall-ministre-communication","tag-babacar-ba-forum-du-justiciable","tag-code-de-transparence-finances-publiques","tag-deniers-publics-senegal","tag-fonds-d","tag-senegal"],"share_on_mastodon":{"url":"https:\/\/pubeurope.com\/@afrique\/116172332935727915","error":""},"_links":{"self":[{"href":"https:\/\/www.europesays.com\/afrique\/wp-json\/wp\/v2\/posts\/32946","targetHints":{"allow":["GET"]}}],"collection":[{"href":"https:\/\/www.europesays.com\/afrique\/wp-json\/wp\/v2\/posts"}],"about":[{"href":"https:\/\/www.europesays.com\/afrique\/wp-json\/wp\/v2\/types\/post"}],"author":[{"embeddable":true,"href":"https:\/\/www.europesays.com\/afrique\/wp-json\/wp\/v2\/users\/2"}],"replies":[{"embeddable":true,"href":"https:\/\/www.europesays.com\/afrique\/wp-json\/wp\/v2\/comments?post=32946"}],"version-history":[{"count":0,"href":"https:\/\/www.europesays.com\/afrique\/wp-json\/wp\/v2\/posts\/32946\/revisions"}],"wp:featuredmedia":[{"embeddable":true,"href":"https:\/\/www.europesays.com\/afrique\/wp-json\/wp\/v2\/media\/32947"}],"wp:attachment":[{"href":"https:\/\/www.europesays.com\/afrique\/wp-json\/wp\/v2\/media?parent=32946"}],"wp:term":[{"taxonomy":"category","embeddable":true,"href":"https:\/\/www.europesays.com\/afrique\/wp-json\/wp\/v2\/categories?post=32946"},{"taxonomy":"post_tag","embeddable":true,"href":"https:\/\/www.europesays.com\/afrique\/wp-json\/wp\/v2\/tags?post=32946"}],"curies":[{"name":"wp","href":"https:\/\/api.w.org\/{rel}","templated":true}]}}