{"id":33191,"date":"2026-03-05T00:15:15","date_gmt":"2026-03-05T00:15:15","guid":{"rendered":"https:\/\/www.europesays.com\/afrique\/33191\/"},"modified":"2026-03-05T00:15:15","modified_gmt":"2026-03-05T00:15:15","slug":"les-partis-pris-iran-leurope-facon-puzzle-economie-ne-faisons-pas-le-jeu-de-liran-et-iran-qui-est-la-taupe-24h","status":"publish","type":"post","link":"https:\/\/www.europesays.com\/afrique\/33191\/","title":{"rendered":"Les Partis Pris : \u00ab\u00a0Iran : l&rsquo;Europe fa\u00e7on puzzle\u00a0\u00bb, \u00ab\u00a0\u00c9conomie : ne faisons pas le jeu de l&rsquo;Iran\u00a0\u00bb et \u00ab\u00a0Iran : qui est la taupe ?\u00a0\u00bb &#8211; 24H"},"content":{"rendered":"<p>Dans la guerre en Iran, dans un premier temps, les Europ\u00e9ens ont d&rsquo;abord essay\u00e9 de pr\u00e9senter un front uni face \u00e0 l&rsquo;intervention am\u00e9ricaine ou isra\u00e9lienne. Mais tr\u00e8s vite, le front s&rsquo;est fissur\u00e9. Pour Ruth Elkrief, c&rsquo;est Donald Trump qui est responsable de cette fissure en recevant, entre autres, le chancelier allemand \u00e0 la Maison Blanche. En m\u00eame temps, il arrive \u00e0 les ressouder, ajoute-t-elle. <\/p>\n<p>Avec la guerre en Iran, il y a quelques indicateurs \u00e9conomiques qui sont inqui\u00e9tants. Mais Pascal Perri affirme que la crise est devenue pratiquement une situation normale. Il y a une tension sur le march\u00e9 des hydrocarbures, mais l&rsquo;ensemble de la communaut\u00e9 financi\u00e8re et boursi\u00e8re est relativement paisible, explique-t-il. <\/p>\n<p>Ismael Qaani, commandant de la Force Al-Qods chez les Gardiens de la r\u00e9volution, est peut-\u00eatre la taupe qui aurait pu renseigner Isra\u00ebl et les \u00c9tats-Unis. Sa survie miraculeuse \u00e0 au moins trois frappes majeures d\u00e9fie toute probabilit\u00e9 statistique. Selon Abnousse Shalmani, la mollarchie, en 47 ans, a r\u00e9ussi \u00e0 tellement se faire d\u00e9tester qu&rsquo;elle a cr\u00e9\u00e9 une arm\u00e9e de l&rsquo;ombre, de l&rsquo;int\u00e9rieur, qui travaille avec le Mossad. <\/p>\n<p>Du lundi au vendredi, \u00e0 partir de 18h, David Pujadas apporte toute son expertise pour analyser l&rsquo;actualit\u00e9 du jour avec p\u00e9dagogie.<\/p>\n<p>plus<\/p>\n","protected":false},"excerpt":{"rendered":"Dans la guerre en Iran, dans un premier temps, les Europ\u00e9ens ont d&rsquo;abord essay\u00e9 de pr\u00e9senter un front&hellip;\n","protected":false},"author":2,"featured_media":33192,"comment_status":"","ping_status":"","sticky":false,"template":"","format":"standard","meta":{"footnotes":"","_share_on_mastodon":"0"},"categories":[2],"tags":[13894,13898,13899,13895,13907,13911,13903,13906,13910,13902,18,1668,13896,13897,13893,13904,13905,13908,13909,13900,13901],"class_list":["post-33191","post","type-post","status-publish","format-standard","has-post-thumbnail","category-europe","tag-24h","tag-24h-extrait","tag-24h-extrait-lci","tag-24h-lci","tag-24h-lci-streaming","tag-24h-lci-streaming-gratuit","tag-24h-lci-video","tag-24h-streaming","tag-24h-streaming-gratuit","tag-24h-video","tag-europe","tag-extrait","tag-extrait-24h","tag-extrait-24h-lci","tag-extrait-lci","tag-streaming-24h","tag-streaming-24h-lci","tag-streaming-gratuit-24h","tag-streaming-gratuit-24h-lci","tag-video-24h","tag-video-24h-lci"],"share_on_mastodon":{"url":"https:\/\/pubeurope.com\/@afrique\/116173689510343718","error":""},"_links":{"self":[{"href":"https:\/\/www.europesays.com\/afrique\/wp-json\/wp\/v2\/posts\/33191","targetHints":{"allow":["GET"]}}],"collection":[{"href":"https:\/\/www.europesays.com\/afrique\/wp-json\/wp\/v2\/posts"}],"about":[{"href":"https:\/\/www.europesays.com\/afrique\/wp-json\/wp\/v2\/types\/post"}],"author":[{"embeddable":true,"href":"https:\/\/www.europesays.com\/afrique\/wp-json\/wp\/v2\/users\/2"}],"replies":[{"embeddable":true,"href":"https:\/\/www.europesays.com\/afrique\/wp-json\/wp\/v2\/comments?post=33191"}],"version-history":[{"count":0,"href":"https:\/\/www.europesays.com\/afrique\/wp-json\/wp\/v2\/posts\/33191\/revisions"}],"wp:featuredmedia":[{"embeddable":true,"href":"https:\/\/www.europesays.com\/afrique\/wp-json\/wp\/v2\/media\/33192"}],"wp:attachment":[{"href":"https:\/\/www.europesays.com\/afrique\/wp-json\/wp\/v2\/media?parent=33191"}],"wp:term":[{"taxonomy":"category","embeddable":true,"href":"https:\/\/www.europesays.com\/afrique\/wp-json\/wp\/v2\/categories?post=33191"},{"taxonomy":"post_tag","embeddable":true,"href":"https:\/\/www.europesays.com\/afrique\/wp-json\/wp\/v2\/tags?post=33191"}],"curies":[{"name":"wp","href":"https:\/\/api.w.org\/{rel}","templated":true}]}}