{"id":33490,"date":"2026-03-05T08:11:06","date_gmt":"2026-03-05T08:11:06","guid":{"rendered":"https:\/\/www.europesays.com\/afrique\/33490\/"},"modified":"2026-03-05T08:11:06","modified_gmt":"2026-03-05T08:11:06","slug":"ramadan-commerces-et-cafes-autorises-a-poursuivre-leur-activite-apres-22h","status":"publish","type":"post","link":"https:\/\/www.europesays.com\/afrique\/33490\/","title":{"rendered":"Ramadan\u00a0: Commerces et caf\u00e9s autoris\u00e9s \u00e0 poursuivre leur activit\u00e9 apr\u00e8s 22h"},"content":{"rendered":"<p>A l\u2019occasion de la deuxi\u00e8me quinzaine de Ramadan, les autorit\u00e9s assouplissent les horaires d\u2019activit\u00e9. Le Minist\u00e8re des Affaires sociales a annonc\u00e9 que les commerces, espaces de services et caf\u00e9s pourront rester ouverts au-del\u00e0 de 22h sur l\u2019ensemble du territoire. Une d\u00e9cision destin\u00e9e \u00e0 accompagner le rythme nocturne propre \u00e0 cette p\u00e9riode.<\/p>\n<p>Extension officielle des horaires<\/p>\n<p>D\u00e8s l\u2019entr\u00e9e dans la seconde moiti\u00e9 du mois sacr\u00e9, les \u00e9tablissements concern\u00e9s sont autoris\u00e9s \u00e0 poursuivre leur activit\u00e9 apr\u00e8s 22h. La mesure s\u2019applique \u00e0 l\u2019\u00e9chelle nationale et concerne aussi bien les commerces que les caf\u00e9s et locaux assimil\u00e9s.<\/p>\n<p>Cette flexibilit\u00e9 tient compte de l\u2019intensification des activit\u00e9s \u00e9conomiques en soir\u00e9e, marqu\u00e9es par une affluence accrue apr\u00e8s la rupture du je\u00fbne.<\/p>\n<p>Activit\u00e9 permise les jours de repos<\/p>\n<p>Le minist\u00e8re pr\u00e9cise \u00e9galement que le travail est autoris\u00e9 durant les jours de repos hebdomadaire, dans le respect strict des dispositions l\u00e9gales encadrant le temps de travail et les droits des salari\u00e9s.<\/p>\n<p>Employeurs et responsables d\u2019\u00e9tablissements restent ainsi tenus de se conformer \u00e0 la r\u00e9glementation en vigueur, notamment en mati\u00e8re de repos compensatoire et d\u2019organisation des horaires.<\/p>\n<p>Comme chaque ann\u00e9e, cet am\u00e9nagement vise \u00e0 adapter l\u2019activit\u00e9 commerciale et les services aux sp\u00e9cificit\u00e9s du mois de Ramadan, p\u00e9riode durant laquelle la vie \u00e9conomique se concentre largement en soir\u00e9e.<\/p>\n","protected":false},"excerpt":{"rendered":"A l\u2019occasion de la deuxi\u00e8me quinzaine de Ramadan, les autorit\u00e9s assouplissent les horaires d\u2019activit\u00e9. Le Minist\u00e8re des Affaires&hellip;\n","protected":false},"author":2,"featured_media":33491,"comment_status":"","ping_status":"","sticky":false,"template":"","format":"standard","meta":{"footnotes":"","_share_on_mastodon":"0"},"categories":[120],"tags":[14026,14027,3325,124],"class_list":["post-33490","post","type-post","status-publish","format-standard","has-post-thumbnail","category-tunisie","tag-cafes","tag-commerces","tag-ramadan-2026","tag-tunisie"],"share_on_mastodon":{"url":"https:\/\/pubeurope.com\/@afrique\/116175561403733740","error":""},"_links":{"self":[{"href":"https:\/\/www.europesays.com\/afrique\/wp-json\/wp\/v2\/posts\/33490","targetHints":{"allow":["GET"]}}],"collection":[{"href":"https:\/\/www.europesays.com\/afrique\/wp-json\/wp\/v2\/posts"}],"about":[{"href":"https:\/\/www.europesays.com\/afrique\/wp-json\/wp\/v2\/types\/post"}],"author":[{"embeddable":true,"href":"https:\/\/www.europesays.com\/afrique\/wp-json\/wp\/v2\/users\/2"}],"replies":[{"embeddable":true,"href":"https:\/\/www.europesays.com\/afrique\/wp-json\/wp\/v2\/comments?post=33490"}],"version-history":[{"count":0,"href":"https:\/\/www.europesays.com\/afrique\/wp-json\/wp\/v2\/posts\/33490\/revisions"}],"wp:featuredmedia":[{"embeddable":true,"href":"https:\/\/www.europesays.com\/afrique\/wp-json\/wp\/v2\/media\/33491"}],"wp:attachment":[{"href":"https:\/\/www.europesays.com\/afrique\/wp-json\/wp\/v2\/media?parent=33490"}],"wp:term":[{"taxonomy":"category","embeddable":true,"href":"https:\/\/www.europesays.com\/afrique\/wp-json\/wp\/v2\/categories?post=33490"},{"taxonomy":"post_tag","embeddable":true,"href":"https:\/\/www.europesays.com\/afrique\/wp-json\/wp\/v2\/tags?post=33490"}],"curies":[{"name":"wp","href":"https:\/\/api.w.org\/{rel}","templated":true}]}}