{"id":3412,"date":"2026-02-05T14:22:26","date_gmt":"2026-02-05T14:22:26","guid":{"rendered":"https:\/\/www.europesays.com\/afrique\/3412\/"},"modified":"2026-02-05T14:22:26","modified_gmt":"2026-02-05T14:22:26","slug":"le-sommet-climate-chance-europe-afrique-2025-a-pris-place-au-palais-du-pharo-les-31-mars-et-1er-avril","status":"publish","type":"post","link":"https:\/\/www.europesays.com\/afrique\/3412\/","title":{"rendered":"Le Sommet Climate Chance Europe Afrique 2025 a pris place au Palais du Pharo les 31 mars et 1er avril"},"content":{"rendered":"<p>La Ville de Marseille et l&rsquo;association Climate Chance ont organis\u00e9 le <a href=\"https:\/\/www.climate-chance.org\/sommets-coalitions\/sommets-climate-chance\/sommet-climate-chance-europe-afrique-2025-marseille\/\" target=\"_blank\" rel=\"nofollow noopener\">Sommet Climate Chance Europe Afrique 2025<\/a> sur le th\u00e8me \u00ab\u00a0Adaptation : passer \u00e0 l&rsquo;action\u00a0\u00bb. 2 000 personnalit\u00e9s, experts et acteurs de terrain \u00e9taient attendus au Palais du Pharo les 31 mars et 1er avril 2025.<\/p>\n<p>L&rsquo;\u00e9dition 2025 de ce sommet s&rsquo;inscrivait dans la continuit\u00e9 du travail collectif engag\u00e9 lors du Climate Chance Europe Wallonie, tenu \u00e0 Li\u00e8ge en f\u00e9vrier 2024, ainsi que du plaidoyer pour adapter l&rsquo;Europe au changement climatique.<\/p>\n<p>\u00a0<\/p>\n<p>La D\u00e9claration de Marseille<\/p>\n<p>La D\u00e9claration de Marseille est le fruit d\u2019un travail collaboratif entre les grands r\u00e9seaux et organisations d\u2019acteurs non \u00e9tatiques pr\u00e9sents \u00e0 Marseille lors du Sommet. Ce large plaidoyer appelle \u00e0 renforcer la coop\u00e9ration entre l\u2019Afrique et l\u2019Europe en mati\u00e8re d\u2019adaptation aux changements climatiques.\u00a0<\/p>\n<p>Cette d\u00e9claration a d\u00e9j\u00e0 \u00e9t\u00e9 sign\u00e9e par les plus grands r\u00e9seaux de villes et r\u00e9gions, d\u2019ONG et associations, d\u2019entreprises et reste encore ouverte \u00e0 la signature pour des structures et organismes similaires, mais aussi pour les collectivit\u00e9s territoriales.<br \/>\u00a0<\/p>\n<p class=\"text-align-center\"><a class=\"btn btn-primary\" href=\"https:\/\/www.climate-chance.org\/sommets-coalitions\/declarations-collectives\/declaration-marseille-cooperation-europe-afrique-adaptation-changement-climatique\/\" target=\"_blank\" rel=\"nofollow noopener\">Lire et signer la d\u00e9claration de Marseille<\/a><\/p>\n<p>\u00a0<\/p>\n<p>\u00a0<\/p>\n<p>Un moment fort de l&rsquo;agenda international<\/p>\n<p>Cette \u00e9dition 2025 a constitu\u00e9 un moment fort de l&rsquo;agenda international pour le renforcement de la strat\u00e9gie et des politiques europ\u00e9ennes d&rsquo;adaptation, de la coop\u00e9ration Europe \/ Afrique, et des efforts \u00e0 mener collectivement sur ces questions climatiques.\u00a0<\/p>\n<p>L&rsquo;\u00e9v\u00e8nement a propos\u00e9 un programme riche pendant deux jours : conf\u00e9rences, ateliers, pitchs, animations et moments de networking.<\/p>\n<p>Les objectifs du sommet :<\/p>\n<p>Contribuer \u00e0 renforcer les politiques d&rsquo;adaptation de la France et de l&rsquo;Union europ\u00e9enne ;Renforcer le dialogue et la coop\u00e9ration entre les acteurs non-\u00e9tatiques concern\u00e9s par les enjeux d&rsquo;adaptation ;\u00a0Renforcer le dialogue entre l&rsquo;Europe et l&rsquo;Afrique ;\u00a0Mobiliser la soci\u00e9t\u00e9 civile de Marseille et du territoire marseillais.<\/p>\n<p>\u00a0<\/p>\n<p>Une exp\u00e9rience immersive \u00ab\u00a0Vivre sous 50\u00b0C\u00a0\u00bb sur la place Bargemon\u00a0<\/p>\n<p>Dans le cadre de cet \u00e9v\u00e8nement, la Ville de Marseille a propos\u00e9 une exp\u00e9rience immersive de 30 minutes \u00e0 travers le parcours \u00ab\u00a0Climate Sense\u00a0\u00bb, devant l&rsquo;espace Bargemon, \u00e0 c\u00f4t\u00e9 de l\u2019H\u00f4tel de Ville (2e). Cette chambre climatique mobile, con\u00e7ue par l\u2019Human Adaptation Institute, avait pour objectif de sensibiliser le grand public aux impacts concrets du changement climatique. Elle \u00e9tait accessible de 9h \u00e0 20h pendant les deux jours aux enfants accompagn\u00e9s de plus de 12 ans et aux adultes (\u00e0 l\u2019exception des femmes enceintes). \u00a0<br \/>\u00a0<\/p>\n<p class=\"text-align-center box-arrondi\">\u00ab\u00a0Vivre sous 50\u00b0C\u00a0\u00bb<br \/>Exp\u00e9rience immersive de 30 minutes<br \/>Devant l&rsquo;espace Bargemon, \u00e0 c\u00f4t\u00e9 de l\u2019H\u00f4tel de Ville (2e)<br \/>De 9h \u00e0 20h, les 31 mars et 1er avril<\/p>\n<p>\u00a0<\/p>\n<p>Les Marseillaises et les Marseillais \u00e9taient convi\u00e9s \u00e0 vivre cette exp\u00e9rience importante pour prendre conscience des cons\u00e9quences du changement climatique et les perspectives auxquels les populations s\u2019exposent sans \u00e9volution. Simulant les diff\u00e9rentes situations du quotidien (activit\u00e9s physiques, activit\u00e9s d\u2019agilit\u00e9 et de pr\u00e9cision, activit\u00e9s cognitives) sous des temp\u00e9ratures de 50\u00b0C, cet espace a accueilli les visiteurs par groupe de 10 personnes, afin de d\u00e9couvrir la r\u00e9alit\u00e9 de la vie sous ces temp\u00e9ratures extr\u00eames, estim\u00e9es possibles en 2050.\u00a0<\/p>\n<p>\u00a0<\/p>\n<p class=\"text-align-center box-arrondi\">Pitch Corner !<\/p>\n<p>Vous pouviez pitcher votre projet en faveur du climat dans un espace d\u00e9di\u00e9 tout au long du sommet.<\/p>\n<p><a class=\"btn btn-primary\" href=\"https:\/\/www.climate-chance.org\/sommets-coalitions\/sommets-climate-chance\/sommet-climate-chance-europe-afrique-2025-marseille\/pitch-corner\/\" target=\"_blank\" rel=\"nofollow noopener\">Appel \u00e0 contributions cl\u00f4tur\u00e9<\/a><\/p>\n<p>\u00a0<\/p>\n<p class=\"text-align-center box-arrondi\">Candidatez aux troph\u00e9es \u00ab Pionniers du Climat 2030 \u00bb<\/p>\n<p>Dans le cadre de la mission europ\u00e9enne \u00ab Climate Neutral and Smart Cities \u00bb Marseille 2030, AtmoSud s\u2019associe \u00e0 la Ville de Marseille pour valoriser les actions climatiques exemplaires des entreprises locales lors d&rsquo;une remise de troph\u00e9es pendant le sommet.<\/p>\n<p><a class=\"btn btn-primary\" href=\"https:\/\/www.marseille.fr\/marseille-ville-nature\/actualites\/appel-candidatures-climate-chance-trophees-pionniers-climat-2030\" target=\"_blank\" rel=\"nofollow noopener\">Plus d&rsquo;informations sur les troph\u00e9es<\/a><\/p>\n<p>Pour toute question ou information compl\u00e9mentaire, n&rsquo;h\u00e9sitez pas \u00e0 \u00e9crire \u00e0 l&rsquo;adresse suivante : <a href=\"https:\/\/www.marseille.fr\/actualites\/mailto:association@climate-chance.org\" rel=\"nofollow noopener\" target=\"_blank\">association@climate-chance.org<\/a><\/p>\n<p>\u00a0<\/p>\n","protected":false},"excerpt":{"rendered":"La Ville de Marseille et l&rsquo;association Climate Chance ont organis\u00e9 le Sommet Climate Chance Europe Afrique 2025 sur&hellip;\n","protected":false},"author":2,"featured_media":3413,"comment_status":"","ping_status":"","sticky":false,"template":"","format":"standard","meta":{"footnotes":""},"categories":[2],"tags":[52,51,2404],"class_list":{"0":"post-3412","1":"post","2":"type-post","3":"status-publish","4":"format-standard","5":"has-post-thumbnail","7":"category-europe","8":"tag-europe-africa","9":"tag-europe-afrique","10":"tag-rss"},"share_on_mastodon":{"url":"https:\/\/pubeurope.com\/@afrique\/116018475391332383","error":""},"_links":{"self":[{"href":"https:\/\/www.europesays.com\/afrique\/wp-json\/wp\/v2\/posts\/3412","targetHints":{"allow":["GET"]}}],"collection":[{"href":"https:\/\/www.europesays.com\/afrique\/wp-json\/wp\/v2\/posts"}],"about":[{"href":"https:\/\/www.europesays.com\/afrique\/wp-json\/wp\/v2\/types\/post"}],"author":[{"embeddable":true,"href":"https:\/\/www.europesays.com\/afrique\/wp-json\/wp\/v2\/users\/2"}],"replies":[{"embeddable":true,"href":"https:\/\/www.europesays.com\/afrique\/wp-json\/wp\/v2\/comments?post=3412"}],"version-history":[{"count":0,"href":"https:\/\/www.europesays.com\/afrique\/wp-json\/wp\/v2\/posts\/3412\/revisions"}],"wp:featuredmedia":[{"embeddable":true,"href":"https:\/\/www.europesays.com\/afrique\/wp-json\/wp\/v2\/media\/3413"}],"wp:attachment":[{"href":"https:\/\/www.europesays.com\/afrique\/wp-json\/wp\/v2\/media?parent=3412"}],"wp:term":[{"taxonomy":"category","embeddable":true,"href":"https:\/\/www.europesays.com\/afrique\/wp-json\/wp\/v2\/categories?post=3412"},{"taxonomy":"post_tag","embeddable":true,"href":"https:\/\/www.europesays.com\/afrique\/wp-json\/wp\/v2\/tags?post=3412"}],"curies":[{"name":"wp","href":"https:\/\/api.w.org\/{rel}","templated":true}]}}