{"id":34144,"date":"2026-03-05T19:23:06","date_gmt":"2026-03-05T19:23:06","guid":{"rendered":"https:\/\/www.europesays.com\/afrique\/34144\/"},"modified":"2026-03-05T19:23:06","modified_gmt":"2026-03-05T19:23:06","slug":"des-psychotropes-decouverts-caches-dans-un-mouton-a-alger","status":"publish","type":"post","link":"https:\/\/www.europesays.com\/afrique\/34144\/","title":{"rendered":"des psychotropes d\u00e9couverts cach\u00e9s dans&#8230;un mouton \u00e0 Alger"},"content":{"rendered":"<p dir=\"ltr\">Le tribunal de Sidi M\u2019hamed (Alger) a jug\u00e9 une affaire de trafic de <a href=\"https:\/\/www.tsa-algerie.com\/recrutement-en-algerie-mode-demploi-du-test-antidrogue\/\" rel=\"nofollow noopener\" target=\"_blank\">drogue<\/a> pas comme les autres.<\/p>\n<p dir=\"ltr\">Les mis en cause ont opt\u00e9 pour un moyen incroyable et insoup\u00e7onnable pour dissimuler et transporter leur \u201cmarchandise\u201d : les entrailles d\u2019un mouton.<\/p>\n<p class=\"a-lire-box\" style=\"&#13;&#10;                    margin:20px 0;&#13;&#10;                    padding:12px 0;&#13;&#10;                    border-top:1px solid #ddd;&#13;&#10;                    border-bottom:1px solid #ddd;&#13;&#10;                    line-height:1.8;&#13;&#10;                 \">&#13;<br \/>\n                    A lire aussi :&#13;<br \/>\n                    <a href=\"https:\/\/www.tsa-algerie.com\/inscription-a-la-vaccination-anti-covid-prenez-rendez-vous-en-ligne\/\" class=\"a-lire-link\" style=\"color:#000;text-decoration:none;font-weight:600;\" rel=\"nofollow noopener\" target=\"_blank\">&#13;<br \/>\n                        Inscription \u00e0 la vaccination anti-Covid : prenez rendez-vous en ligne&#13;<br \/>\n                    <\/a>&#13;\n                <\/p>\n<p dir=\"ltr\">Dix pr\u00e9venus sont jug\u00e9s pour ces faits et le parquet a requis de lourdes peines.<\/p>\n<p dir=\"ltr\">Selon un compte-rendu de l\u2019audience publi\u00e9 par Ennahar ce jeudi 5 mars, c\u2019est suite \u00e0 des renseignements que les enqu\u00eateurs de la police ont effectu\u00e9 une descente dans les environs de la P\u00eacherie, au centre d\u2019Alger.<\/p>\n<p class=\"a-lire-box\" style=\"&#13;&#10;                    margin:20px 0;&#13;&#10;                    padding:12px 0;&#13;&#10;                    border-top:1px solid #ddd;&#13;&#10;                    border-bottom:1px solid #ddd;&#13;&#10;                    line-height:1.8;&#13;&#10;                 \">&#13;<br \/>\n                    A lire aussi :&#13;<br \/>\n                    <a href=\"https:\/\/www.tsa-algerie.com\/societe-civile-classe-politique-la-tenue-dune-conference-nationale-se-precise\/\" class=\"a-lire-link\" style=\"color:#000;text-decoration:none;font-weight:600;\" rel=\"nofollow noopener\" target=\"_blank\">&#13;<br \/>\n                        Soci\u00e9t\u00e9 civile \u2013 classe politique : la tenue d\u2019une conf\u00e9rence nationale se pr\u00e9cise&#13;<br \/>\n                    <\/a>&#13;\n                <\/p>\n<p dir=\"ltr\">Sur place, ils ont d\u00e9couvert des quantit\u00e9s de <a href=\"https:\/\/www.tsa-algerie.com\/drogue-lalgerie-accuse-le-maroc-de-lui-mener-une-guerre-feroce\/\" rel=\"nofollow noopener\" target=\"_blank\">psychotropes<\/a> de type Pr\u00e9gabaline cach\u00e9es dans une voiture et dans un mouton. Soixante bo\u00eetes de ce psychotrope ont \u00e9t\u00e9 retrouv\u00e9es \u00e0 l\u2019int\u00e9rieur de l\u2019animal.<\/p>\n<p>Psychotropes dans un mouton \u00e0 Alger : 10 suspects devant le juge<\/p>\n<p dir=\"ltr\">Deux individus, H. Fares et H. Hamid, ont \u00e9t\u00e9 arr\u00eat\u00e9s sur place en flagrant d\u00e9lit, puis le reste des membres du r\u00e9seau, les d\u00e9nomm\u00e9s K. Samir, B. Mohamed Anis, B. Noureddine, R. Mohamed Wassim, Dj. Mohammed Oussama, B. Sidali, K. Ahmed Ouael et L. Ayoub.<\/p>\n<p class=\"a-lire-box\" style=\"&#13;&#10;                    margin:20px 0;&#13;&#10;                    padding:12px 0;&#13;&#10;                    border-top:1px solid #ddd;&#13;&#10;                    border-bottom:1px solid #ddd;&#13;&#10;                    line-height:1.8;&#13;&#10;                 \">&#13;<br \/>\n                    A lire aussi :&#13;<br \/>\n                    <a href=\"https:\/\/www.tsa-algerie.com\/algerie-revelations-glacantes-sur-le-drame-du-bus-de-oued-el-harrach\/\" class=\"a-lire-link\" style=\"color:#000;text-decoration:none;font-weight:600;\" rel=\"nofollow noopener\" target=\"_blank\">&#13;<br \/>\n                        Alg\u00e9rie : r\u00e9v\u00e9lations gla\u00e7antes sur le drame du bus de Oued El Harrach&#13;<br \/>\n                    <\/a>&#13;\n                <\/p>\n<p dir=\"ltr\">Les dix pr\u00e9venus sont poursuivis pour possession, transport et stockage de stup\u00e9fiants, port et transport d\u2019armes blanches de cat\u00e9gorie 6, dissimulation de stup\u00e9fiants et blanchiment d\u2019argent.<\/p>\n<p dir=\"ltr\">\u00a0Le repr\u00e9sentant du parquet a requis 12 ans de prison ferme et 1 million de dinars d\u2019amende \u00e0 l\u2019encontre de chacun des accus\u00e9s. Le tribunal rendra son verdict la semaine prochaine.<\/p>\n","protected":false},"excerpt":{"rendered":"Le tribunal de Sidi M\u2019hamed (Alger) a jug\u00e9 une affaire de trafic de drogue pas comme les autres.&hellip;\n","protected":false},"author":2,"featured_media":34145,"comment_status":"","ping_status":"","sticky":false,"template":"","format":"standard","meta":{"footnotes":"","_share_on_mastodon":"0"},"categories":[85],"tags":[116,1555,14270],"class_list":["post-34144","post","type-post","status-publish","format-standard","has-post-thumbnail","category-algerie","tag-algerie","tag-drogue","tag-psychotropes"],"share_on_mastodon":{"url":"https:\/\/pubeurope.com\/@afrique\/116178203700438642","error":""},"_links":{"self":[{"href":"https:\/\/www.europesays.com\/afrique\/wp-json\/wp\/v2\/posts\/34144","targetHints":{"allow":["GET"]}}],"collection":[{"href":"https:\/\/www.europesays.com\/afrique\/wp-json\/wp\/v2\/posts"}],"about":[{"href":"https:\/\/www.europesays.com\/afrique\/wp-json\/wp\/v2\/types\/post"}],"author":[{"embeddable":true,"href":"https:\/\/www.europesays.com\/afrique\/wp-json\/wp\/v2\/users\/2"}],"replies":[{"embeddable":true,"href":"https:\/\/www.europesays.com\/afrique\/wp-json\/wp\/v2\/comments?post=34144"}],"version-history":[{"count":0,"href":"https:\/\/www.europesays.com\/afrique\/wp-json\/wp\/v2\/posts\/34144\/revisions"}],"wp:featuredmedia":[{"embeddable":true,"href":"https:\/\/www.europesays.com\/afrique\/wp-json\/wp\/v2\/media\/34145"}],"wp:attachment":[{"href":"https:\/\/www.europesays.com\/afrique\/wp-json\/wp\/v2\/media?parent=34144"}],"wp:term":[{"taxonomy":"category","embeddable":true,"href":"https:\/\/www.europesays.com\/afrique\/wp-json\/wp\/v2\/categories?post=34144"},{"taxonomy":"post_tag","embeddable":true,"href":"https:\/\/www.europesays.com\/afrique\/wp-json\/wp\/v2\/tags?post=34144"}],"curies":[{"name":"wp","href":"https:\/\/api.w.org\/{rel}","templated":true}]}}