{"id":34953,"date":"2026-03-06T14:46:05","date_gmt":"2026-03-06T14:46:05","guid":{"rendered":"https:\/\/www.europesays.com\/afrique\/34953\/"},"modified":"2026-03-06T14:46:05","modified_gmt":"2026-03-06T14:46:05","slug":"la-libye-annonce-avoir-identifie-trois-suspects-dans-lassassinat-de-saif-al-islam-kadhafi-2","status":"publish","type":"post","link":"https:\/\/www.europesays.com\/afrique\/34953\/","title":{"rendered":"La Libye annonce avoir identifi\u00e9 trois suspects dans l&rsquo;assassinat de Sa\u00eff al-Islam Kadhafi"},"content":{"rendered":"<p>\n                        Le parquet libyen a annonc\u00e9 jeudi 5 mars avoir identifi\u00e9 trois suspects impliqu\u00e9s dans l&rsquo;assassinat de Sa\u00eff al-Islam Kadhafi le 3 f\u00e9vrier dernier, sans donner de d\u00e9tails ni sur leur identit\u00e9, ni sur leur nationalit\u00e9. Quatre assaillants avaient attaqu\u00e9 sa demeure \u00e0 Zintan, \u00e0 l\u2019ouest de Tripoli, avait annonc\u00e9 un de ses conseillers qui \u00e9tait avec lui, en ligne, \u00e0 l&rsquo;heure du crime. Cette annonce intervient suite aux pressions des sympathisants et des avocats de Sa\u00eff al-Islam, face aussi aux sp\u00e9culations et aux rumeurs qui circulent depuis son assassinat.        <\/p>\n<p class=\"m-pub-dates\">Publi\u00e9 le : 06\/03\/2026 &#8211; 14:41Modifi\u00e9 le : 06\/03\/2026 &#8211; 14:43<\/p>\n<p>    2 min    Temps de lecture\n<\/p>\n<p>En <a href=\"https:\/\/www.rfi.fr\/fr\/tag\/libye\/\" target=\"_self\" rel=\"nofollow noopener\">Libye<\/a>, l&rsquo;enqu\u00eate a d\u00e9termin\u00e9 le lieu de rencontres des suspects, l&rsquo;heure \u00e0 laquelle ils se sont rendus sur les lieux du crime et l&rsquo;ont commis, ainsi que leur identit\u00e9, affirme le Parquet dans un communiqu\u00e9 diffus\u00e9 sur sa page Facebook. Il pr\u00e9cise qu&rsquo;il a ordonn\u00e9 l&rsquo;arrestation de ces trois suspects.<\/p>\n<p>Selon le parquet, les investigations ont confirm\u00e9 que les auteurs du meurtre avaient surveill\u00e9 les faits et gestes de Sa\u00eff al-Islam Kadhafi, escalad\u00e9 un mur de la maison o\u00f9 il se trouvait puis l&rsquo;avaient encercl\u00e9 avant de pointer leurs mitraillettes sur lui et le tuer par 18 balles dont une dans la t\u00eate.<\/p>\n<p class=\"a-read-more\">\u00c0 lire aussi<a href=\"https:\/\/www.rfi.fr\/fr\/afrique\/20260205-libye-l-assassinat-de-sa\u00eff-al-islam-signe-t-il-la-fin-de-r\u00e8gne-du-clan-kadhafi\" target=\"_self\" class=\"a-read-more__link\" rel=\"nofollow noopener\">Libye: avec l&rsquo;assassinat de Sa\u00eff al-Islam, le retour au pouvoir du clan Kadhafi s&rsquo;\u00e9loigne<\/a><\/p>\n<p> Les Libyens s&rsquo;interrogent sur les commanditaires de l&rsquo;assassinat <\/p>\n<p>Selon nos informations, le corps de Sa\u00eff ail Islam a alors \u00e9t\u00e9 d\u00e9plac\u00e9 de chez lui vers un caf\u00e9 o\u00f9 il avait l&rsquo;habitude de se rendre. C\u2019est Ahmed-el-Eteiri qui faisait office d\u2019assistant qui a d\u00e9plac\u00e9 son corps. Il est le fils de Ajmi Etiri, la personne qui a sauv\u00e9 la vie de Sa\u00eff al islam en 2011, apr\u00e8s l&rsquo;attaque de son convoi par l&rsquo;Otan.<\/p>\n<p>C\u2019est par crainte de voir le corps emport\u00e9 par ses assaillants, que ce proche a expliqu\u00e9 aux enqu\u00eateurs son geste de le d\u00e9placer.<\/p>\n<p>L&rsquo;assassinat de Sa\u00eff al islam, le 3 f\u00e9vrier dernier, a pris de court les Libyens qui s&rsquo;interrogent toujours sur ses commanditaires. Sa\u00eff al-Islam, qui jouissait d\u2019une image de mod\u00e9r\u00e9 et de r\u00e9formateur et qui b\u00e9n\u00e9ficiait d\u2019une forte popularit\u00e9, comptait se pr\u00e9senter aux futures \u00e9lections pr\u00e9sidentielles.<\/p>\n<p>La Cour p\u00e9nale internationale (CPI) recherchait Sa\u00eff al Islam. En 2011, il avait prof\u00e9r\u00e9 des menaces envers les manifestants, promettant \u00ab\u00a0que le sang allait coulait \u00e0 flot\u00a0\u00bb.<\/p>\n<p class=\"a-read-more\">\u00c0 lire aussi<a href=\"https:\/\/www.rfi.fr\/fr\/afrique\/20260204-d\u00e9c\u00e8s-de-sa\u00eff-al-islam-kadhafi-retour-sur-la-trajectoire-contrari\u00e9e-d-une-succession-libyenne\" target=\"_self\" class=\"a-read-more__link\" rel=\"nofollow noopener\">Assassinat de Sa\u00eff al-Islam Kadhafi: retour sur la trajectoire contrari\u00e9e d&rsquo;une succession libyenne<\/a><\/p>\n","protected":false},"excerpt":{"rendered":"Le parquet libyen a annonc\u00e9 jeudi 5 mars avoir identifi\u00e9 trois suspects impliqu\u00e9s dans l&rsquo;assassinat de Sa\u00eff al-Islam&hellip;\n","protected":false},"author":2,"featured_media":34954,"comment_status":"","ping_status":"","sticky":false,"template":"","format":"standard","meta":{"footnotes":"","_share_on_mastodon":"0"},"categories":[121],"tags":[6,125,134],"class_list":["post-34953","post","type-post","status-publish","format-standard","has-post-thumbnail","category-libye","tag-afrique","tag-libye","tag-mouammar-kadhafi"],"share_on_mastodon":{"url":"https:\/\/pubeurope.com\/@afrique\/116182776771332955","error":""},"_links":{"self":[{"href":"https:\/\/www.europesays.com\/afrique\/wp-json\/wp\/v2\/posts\/34953","targetHints":{"allow":["GET"]}}],"collection":[{"href":"https:\/\/www.europesays.com\/afrique\/wp-json\/wp\/v2\/posts"}],"about":[{"href":"https:\/\/www.europesays.com\/afrique\/wp-json\/wp\/v2\/types\/post"}],"author":[{"embeddable":true,"href":"https:\/\/www.europesays.com\/afrique\/wp-json\/wp\/v2\/users\/2"}],"replies":[{"embeddable":true,"href":"https:\/\/www.europesays.com\/afrique\/wp-json\/wp\/v2\/comments?post=34953"}],"version-history":[{"count":0,"href":"https:\/\/www.europesays.com\/afrique\/wp-json\/wp\/v2\/posts\/34953\/revisions"}],"wp:featuredmedia":[{"embeddable":true,"href":"https:\/\/www.europesays.com\/afrique\/wp-json\/wp\/v2\/media\/34954"}],"wp:attachment":[{"href":"https:\/\/www.europesays.com\/afrique\/wp-json\/wp\/v2\/media?parent=34953"}],"wp:term":[{"taxonomy":"category","embeddable":true,"href":"https:\/\/www.europesays.com\/afrique\/wp-json\/wp\/v2\/categories?post=34953"},{"taxonomy":"post_tag","embeddable":true,"href":"https:\/\/www.europesays.com\/afrique\/wp-json\/wp\/v2\/tags?post=34953"}],"curies":[{"name":"wp","href":"https:\/\/api.w.org\/{rel}","templated":true}]}}