{"id":42817,"date":"2026-03-14T05:35:05","date_gmt":"2026-03-14T05:35:05","guid":{"rendered":"https:\/\/www.europesays.com\/afrique\/42817\/"},"modified":"2026-03-14T05:35:05","modified_gmt":"2026-03-14T05:35:05","slug":"montrevault-sur-evre-des-anciens-combattants-temoignent-a-lecole","status":"publish","type":"post","link":"https:\/\/www.europesays.com\/afrique\/42817\/","title":{"rendered":"Montrevault-sur-\u00c8vre. Des anciens combattants t\u00e9moignent \u00e0 l\u2019\u00e9cole"},"content":{"rendered":"<p>Mardi dernier, une dizaine d\u2019\u00e9l\u00e8ves de CM1-CM2\u00a0(9 \u00e0 11\u00a0ans) de l\u2019\u00e9cole Saint-Joseph, accompagn\u00e9s de leur institutrice Emmanuelle Geffroy, ont rencontr\u00e9 cinq anciens combattants de la guerre d\u2019Alg\u00e9rie.<\/p>\n<p>Les enfants avaient pr\u00e9par\u00e9 la rencontre en classe et les questions se sont succ\u00e9d\u00e9. \u00a0Quel \u00e2ge aviez-vous quand vous \u00eates partis\u00a0?\u00a0, \u00a0Comment faisiez-vous pour vous laver\u00a0?\u00a0 Les anciens soldats ont expliqu\u00e9 avoir \u00e9t\u00e9 envoy\u00e9s en Alg\u00e9rie vers 21\u00a0ans, souvent sans choisir leur poste, pour un service qui durait environ 27\u00a0mois.<\/p>\n<p>Ils ont \u00e9galement racont\u00e9 le quotidien des militaires\u00a0: la travers\u00e9e en bateau pour rejoindre l\u2019Alg\u00e9rie, les repas compos\u00e9s de conserves \u00a0des bo\u00eetes de singe et du fromage\u00a0. \u00c0 la question : \u00a0Pourquoi \u00eatre venus aujourd\u2019hui\u00a0?\u00a0 Ils ont simplement r\u00e9pondu\u00a0: \u00a0Pour partager la m\u00e9moire.\u00a0<\/p>\n<p>Les \u00e9changes ont \u00e9t\u00e9 nombreux et les cinq hommes ont pris le temps de r\u00e9pondre \u00e0 chaque interrogation, \u00e9voquant aussi les mines, la transmission des courriers ou encore la pr\u00e9sence d\u2019environ 400\u00a0000\u00a0militaires fran\u00e7ais en Alg\u00e9rie \u00e0 l\u2019\u00e9poque.<\/p>\n<p>Cette rencontre marquante pour les \u00e9l\u00e8ves se prolongera le 19\u00a0mars prochain\u00a0: ils accompagneront les anciens combattants au monument aux morts de la commune lors de la c\u00e9r\u00e9monie comm\u00e9morative.<\/p>\n","protected":false},"excerpt":{"rendered":"Mardi dernier, une dizaine d\u2019\u00e9l\u00e8ves de CM1-CM2\u00a0(9 \u00e0 11\u00a0ans) de l\u2019\u00e9cole Saint-Joseph, accompagn\u00e9s de leur institutrice Emmanuelle Geffroy,&hellip;\n","protected":false},"author":2,"featured_media":42818,"comment_status":"","ping_status":"","sticky":false,"template":"","format":"standard","meta":{"footnotes":"","_share_on_mastodon":"0"},"categories":[85],"tags":[116,17446,17447],"class_list":["post-42817","post","type-post","status-publish","format-standard","has-post-thumbnail","category-algerie","tag-algerie","tag-montrevault-sur-evre","tag-saint-remy-en-mauges"],"share_on_mastodon":{"url":"https:\/\/pubeurope.com\/@afrique\/116225908673932044","error":""},"_links":{"self":[{"href":"https:\/\/www.europesays.com\/afrique\/wp-json\/wp\/v2\/posts\/42817","targetHints":{"allow":["GET"]}}],"collection":[{"href":"https:\/\/www.europesays.com\/afrique\/wp-json\/wp\/v2\/posts"}],"about":[{"href":"https:\/\/www.europesays.com\/afrique\/wp-json\/wp\/v2\/types\/post"}],"author":[{"embeddable":true,"href":"https:\/\/www.europesays.com\/afrique\/wp-json\/wp\/v2\/users\/2"}],"replies":[{"embeddable":true,"href":"https:\/\/www.europesays.com\/afrique\/wp-json\/wp\/v2\/comments?post=42817"}],"version-history":[{"count":0,"href":"https:\/\/www.europesays.com\/afrique\/wp-json\/wp\/v2\/posts\/42817\/revisions"}],"wp:featuredmedia":[{"embeddable":true,"href":"https:\/\/www.europesays.com\/afrique\/wp-json\/wp\/v2\/media\/42818"}],"wp:attachment":[{"href":"https:\/\/www.europesays.com\/afrique\/wp-json\/wp\/v2\/media?parent=42817"}],"wp:term":[{"taxonomy":"category","embeddable":true,"href":"https:\/\/www.europesays.com\/afrique\/wp-json\/wp\/v2\/categories?post=42817"},{"taxonomy":"post_tag","embeddable":true,"href":"https:\/\/www.europesays.com\/afrique\/wp-json\/wp\/v2\/tags?post=42817"}],"curies":[{"name":"wp","href":"https:\/\/api.w.org\/{rel}","templated":true}]}}