{"id":4357,"date":"2026-02-06T02:30:22","date_gmt":"2026-02-06T02:30:22","guid":{"rendered":"https:\/\/www.europesays.com\/afrique\/4357\/"},"modified":"2026-02-06T02:30:22","modified_gmt":"2026-02-06T02:30:22","slug":"demain-dans-vos-agendas-mobilite-urbaine-greentech-afrique-politique-commerciale-de-lue-tech-euro-africaine","status":"publish","type":"post","link":"https:\/\/www.europesays.com\/afrique\/4357\/","title":{"rendered":"Demain dans vos agendas : Mobilit\u00e9 urbaine, Greentech, Afrique, politique commerciale de l\u2019UE, Tech euro-africaine"},"content":{"rendered":"<p>Mobilit\u00e9 urbaine : La 5e \u00e9dition du Tomorrow.Mobility World Congress (TMWC) se tiendra \u00e0 Barcelone, du 4 au 6 novembre. Coorganis\u00e9 par Fira de Barcelona et EIT Urban Mobility (initiative de l\u2019Institut europ\u00e9en d\u2019innovation et de technologie), l\u2019\u00e9v\u00e9nement rassemblera plus de 200 exposants et 200 intervenants autour du th\u00e8me \u00ab Move Better \u00bb. Une Startup Zone d\u00e9di\u00e9e aux innovations sera aussi pr\u00e9sente. Le TMWC se d\u00e9roulera \u00e9galement en marge du Smart City Expo World Congress, cr\u00e9ant une plateforme mondiale d\u00e9di\u00e9e \u00e0 l\u2019innovation urbaine. Consacr\u00e9 aux solutions de mobilit\u00e9 urbaine durable, connect\u00e9e et inclusive, le TMWC proposera plus de 50 conf\u00e9rences sur la neutralit\u00e9 carbone, la mobilit\u00e9 autonome ou encore les syst\u00e8mes de transport r\u00e9silients.<br \/>Pour vous inscrire, <a href=\"https:\/\/www.tomorrowmobility.org\/\" target=\"_blank\" rel=\"noopener nofollow\">cliquez ici !<\/a><\/p>\n<p>Greentech : Du 4 au 7 novembre, les professionnels de la Greentech sont convi\u00e9s au salon Ecomondo, principal rendez-vous europ\u00e9en d\u00e9di\u00e9 \u00e0 l\u2019\u00e9conomie circulaire et aux technologies vertes. Il aura lieu \u00e0 Rimini en Italie. Plus de 1 500 exposants et 100 conf\u00e9rences sont attendus, offrant aux professionnels un espace de r\u00e9seautage B2B, de rencontres institutionnelles et de pr\u00e9sentation d\u2019innovations issues de toute l\u2019Europe. Des acteurs publics et priv\u00e9s discuteront des solutions pour la gestion durable des d\u00e9chets, le traitement de l\u2019eau, la bio\u00e9nergie, la restauration des sols et l\u2019\u00e9conomie des oc\u00e9ans.<br \/>Pour vous inscrire, <a href=\"https:\/\/www.ecomondo.com\/\" rel=\"nofollow noopener\" target=\"_blank\">cliquez ici ! <\/a><\/p>\n<p>Afrique : La 12e \u00e9dition des Journ\u00e9es Nationales des Diasporas et de l\u2019Afrique (JNDA) Bridge Africa organis\u00e9e par Anima Investment Network et le Club des B\u00e2tisseurs se tiendra le samedi 15 novembre \u00e0 Paris. Ce forum qui a pour objectif de motiver les diasporas africaines \u00e0 s\u2019engager pleinement dans le d\u00e9veloppement de l\u2019Afrique, rassemblera des ministres, des chefs d\u2019entreprises, des auteurs, des cr\u00e9ateurs et des influenceurs. Des conf\u00e9rences pl\u00e9ni\u00e8res, des ateliers th\u00e9matiques, des pavillons pays et des sessions de r\u00e9seautage sont au programme de cette journ\u00e9e.<br \/>Pour vous inscrire, <a href=\"https:\/\/jnda-bridgeafrica.com\/inscription\/\" target=\"_blank\" rel=\"noopener nofollow\">cliquez sur ce lien !<\/a><\/p>\n<p>Politique commerciale de l\u2019UE : Le jeudi 20 novembre, la Commission europ\u00e9enne organise une Journ\u00e9e de la politique commerciale dans ses locaux \u00e0 Bruxelles. L\u2019\u00e9v\u00e9nement s\u2019articulera autour de discussions politiques sur diff\u00e9rents points : commerce mondial, partenariats, comp\u00e9titivit\u00e9 et s\u00e9curit\u00e9 \u00e9conomique. Des d\u00e9cideurs politiques, des diplomates, des chefs d\u2019entreprise et des experts universitaires interviendront. Un d\u00e9jeuner de r\u00e9seautage est aussi pr\u00e9vu. Le commissaire au Commerce et \u00e0 la s\u00e9curit\u00e9 \u00e9conomique, Maro\u0161 \u0160ef\u010dovi\u010d, et la directrice g\u00e9n\u00e9rale, Sabine Weyand, prononceront les discours d\u2019ouverture.<br \/>Pour plus d\u2019informations, <a href=\"https:\/\/policy.trade.ec.europa.eu\/events\/trade-policy-day-2025-2025-11-20_en?etransnolive=1\" target=\"_blank\" rel=\"noopener nofollow\">cliquez ici !<\/a><\/p>\n<p>Tech Euro-africaine\u00a0: Le sommet euro-africain de la Tech et de l\u2019investissement, Emerging Valley, revient le 26 novembre prochain \u00e0 TheCamp, sur le territoire Aix-Marseille-Provence. Plac\u00e9e sous le Haut Patronage du pr\u00e9sident Emmanuel Macron, l\u2019\u00e9v\u00e9nement s\u2019est affirm\u00e9 au fil des \u00e9ditions comme un rendez-vous important des \u00e9cosyst\u00e8mes d\u2019innovation d\u2019Afrique et d\u2019Europe. Cette ann\u00e9e, il mettra particuli\u00e8rement \u00e0 l\u2019honneur le r\u00f4le croissant du continent africain dans la nouvelle g\u00e9ographie mondiale de l\u2019investissement technologique, pr\u00e9cise un communiqu\u00e9 des organisateurs.\u00a0Ces derniers attendent 1300 participants de 70 pays, 150 startups et 60 investisseurs internationaux. L\u2019\u00e9v\u00e9nement se d\u00e9ploiera cette ann\u00e9e autour de plusieurs temps forts : les financements strat\u00e9giques, un focus sur l\u2019IA et les synergies entre continents facilit\u00e9es par les acteurs du territoire d\u2019Aix-Marseille-Provence.<br \/>Pour plus d\u2019informations, <a href=\"https:\/\/www.emergingvalley.online\/\" target=\"_blank\" rel=\"noopener nofollow\">cliquez ICI<\/a>.<\/p>\n","protected":false},"excerpt":{"rendered":"Mobilit\u00e9 urbaine : La 5e \u00e9dition du Tomorrow.Mobility World Congress (TMWC) se tiendra \u00e0 Barcelone, du 4 au&hellip;\n","protected":false},"author":2,"featured_media":4358,"comment_status":"","ping_status":"","sticky":false,"template":"","format":"standard","meta":{"footnotes":"","_share_on_mastodon":"0"},"categories":[2],"tags":[6,1960,18,51,2931,2932,2933,2934,67,68,69,70],"class_list":["post-4357","post","type-post","status-publish","format-standard","has-post-thumbnail","category-europe","tag-afrique","tag-agenda","tag-europe","tag-europe-afrique","tag-greentech","tag-mobilite-urbaine","tag-politique-commerciale-de-lue","tag-tech-euro-africaine","tag-ue","tag-ue-afrique","tag-union-europeenne","tag-union-europeenne-afrique"],"share_on_mastodon":{"url":"https:\/\/pubeurope.com\/@afrique\/116021338292484480","error":""},"_links":{"self":[{"href":"https:\/\/www.europesays.com\/afrique\/wp-json\/wp\/v2\/posts\/4357","targetHints":{"allow":["GET"]}}],"collection":[{"href":"https:\/\/www.europesays.com\/afrique\/wp-json\/wp\/v2\/posts"}],"about":[{"href":"https:\/\/www.europesays.com\/afrique\/wp-json\/wp\/v2\/types\/post"}],"author":[{"embeddable":true,"href":"https:\/\/www.europesays.com\/afrique\/wp-json\/wp\/v2\/users\/2"}],"replies":[{"embeddable":true,"href":"https:\/\/www.europesays.com\/afrique\/wp-json\/wp\/v2\/comments?post=4357"}],"version-history":[{"count":0,"href":"https:\/\/www.europesays.com\/afrique\/wp-json\/wp\/v2\/posts\/4357\/revisions"}],"wp:featuredmedia":[{"embeddable":true,"href":"https:\/\/www.europesays.com\/afrique\/wp-json\/wp\/v2\/media\/4358"}],"wp:attachment":[{"href":"https:\/\/www.europesays.com\/afrique\/wp-json\/wp\/v2\/media?parent=4357"}],"wp:term":[{"taxonomy":"category","embeddable":true,"href":"https:\/\/www.europesays.com\/afrique\/wp-json\/wp\/v2\/categories?post=4357"},{"taxonomy":"post_tag","embeddable":true,"href":"https:\/\/www.europesays.com\/afrique\/wp-json\/wp\/v2\/tags?post=4357"}],"curies":[{"name":"wp","href":"https:\/\/api.w.org\/{rel}","templated":true}]}}