{"id":4373,"date":"2026-02-06T02:49:10","date_gmt":"2026-02-06T02:49:10","guid":{"rendered":"https:\/\/www.europesays.com\/afrique\/4373\/"},"modified":"2026-02-06T02:49:10","modified_gmt":"2026-02-06T02:49:10","slug":"le-maroc-et-la-chine-lies-par-un-partenariat-economique-solide-de-longue-date-chakib-alj","status":"publish","type":"post","link":"https:\/\/www.europesays.com\/afrique\/4373\/","title":{"rendered":"Le Maroc et la Chine li\u00e9s par un partenariat \u00e9conomique solide de longue date (Chakib Alj)"},"content":{"rendered":"<p class=\"justifyText  add-more-font-size-dep\" dir=\"ltr\">\u00ab\u00a0Le Maroc et la Chine jouissent d\u2019un partenariat durable\u00a0\u00bb, a soulign\u00e9 M. Alj lors d\u2019une rencontre avec une d\u00e9l\u00e9gation du China Council for the Promotion of International Trade (CCPIT), notant que la Chine est aujourd\u2019hui l\u2019un des partenaires \u00e9conomiques les plus importants du Royaume.<\/p>\n<p>Cette rencontre \u00e9conomique constitue une plateforme concr\u00e8te de dialogue, de mise en relation entre op\u00e9rateurs et d\u2019identification de nouvelles opportunit\u00e9s de partenariats, dans un contexte marqu\u00e9 par un potentiel encore largement inexploit\u00e9 entre les deux \u00e9conomies, a-t-il relev\u00e9, faisant part de son appr\u00e9ciation des perspectives offertes par un approfondissement des relations d\u2019affaires bilat\u00e9rales.<\/p>\n<p>S\u2019inscrivant dans la dynamique de l\u2019Initiative \u00ab\u00a0Belt and Road\u00a0\u00bb, \u00e0 laquelle le Maroc a \u00e9t\u00e9 le premier pays d\u2019Afrique du Nord \u00e0 adh\u00e9rer, cette coop\u00e9ration s\u2019appuie sur la transformation \u00e9conomique profonde engag\u00e9e par le Royaume au cours des deux derni\u00e8res d\u00e9cennies, a poursuivi le pr\u00e9sident de la CGEM.<\/p>\n<p>Gr\u00e2ce \u00e0 des infrastructures de classe mondiale, \u00e0 des plateformes logistiques strat\u00e9giques et \u00e0 des \u00e9cosyst\u00e8mes industriels int\u00e9gr\u00e9s dans des secteurs \u00e0 forte valeur ajout\u00e9e, le Maroc s\u2019affirme comme une plateforme industrielle et d\u2019investissement fiable et comp\u00e9titive, offrant aux entreprises chinoises un acc\u00e8s privil\u00e9gi\u00e9 aux march\u00e9s africains, m\u00e9diterran\u00e9ens et mondiaux, a-t-il expliqu\u00e9.<\/p>\n<p>Pour sa part, le Pr\u00e9sident du CCPIT, Ren Hongbin, a affirm\u00e9 que son institution, en tant que plus grande agence chinoise de promotion du commerce et de l\u2019investissement, \u0153uvre depuis plusieurs d\u00e9cennies au renforcement des relations \u00e9conomiques et commerciales entre la Chine et le Maroc.<\/p>\n<p>\u00ab\u00a0Le CCPIT a \u00e9t\u00e9 pionnier dans les relations d\u2019affaires bilat\u00e9rales, avec la signature du premier accord commercial sino-marocain en 1958, ann\u00e9e de l\u2019\u00e9tablissement des relations diplomatiques entre les deux pays\u00a0\u00bb, a soulign\u00e9 M. Hongbin.<\/p>\n<p>Abordant les perspectives \u00e9conomiques, M. Hongbin a indiqu\u00e9 que l\u2019ann\u00e9e en cours marque le dixi\u00e8me anniversaire de l\u2019\u00e9tablissement du partenariat strat\u00e9gique entre la Chine et le Maroc, notant que la Chine demeure, depuis de nombreuses ann\u00e9es, le troisi\u00e8me partenaire commercial du Royaume au niveau mondial et le premier en Asie. Il a pr\u00e9cis\u00e9 que le volume des \u00e9changes commerciaux bilat\u00e9raux a atteint 10 milliards de dollars en 2025, en hausse de 21,2% en glissement annuel.<\/p>\n<p>Le Pr\u00e9sident du CCPIT a, en outre, relev\u00e9 la mont\u00e9e en popularit\u00e9 de produits marocains de qualit\u00e9 sur le march\u00e9 chinois, notamment les produits agroalimentaires et les cosm\u00e9tiques, parall\u00e8lement \u00e0 la mont\u00e9e en puissance des investissements chinois au Maroc dans des secteurs industriels structurants, tels que les nouvelles \u00e9nergies et les batteries automobiles, ayant permis la cr\u00e9ation de milliers d\u2019emplois locaux.<\/p>\n<p>Il a \u00e9galement mis en avant le d\u00e9veloppement de la coop\u00e9ration dans des domaines \u00e9mergents comme les v\u00e9hicules \u00e9lectriques, les textiles de haute technologie, l\u2019\u00e9conomie num\u00e9rique et le d\u00e9veloppement bas-carbone, citant des projets structurants tels que Casablanca Finance City et Tanger Tech City.<\/p>\n<p>Les deux parties ont, \u00e0 cet \u00e9gard, exprim\u00e9 leur volont\u00e9 commune de renforcer davantage les \u00e9changes entre les milieux d\u2019affaires des deux pays et de capitaliser sur les m\u00e9canismes de coop\u00e9ration existants, afin de hisser le partenariat \u00e9conomique maroco-chinois \u00e0 un niveau sup\u00e9rieur, au service d\u2019un d\u00e9veloppement mutuellement b\u00e9n\u00e9fique et durable.<\/p>\n","protected":false},"excerpt":{"rendered":"\u00ab\u00a0Le Maroc et la Chine jouissent d\u2019un partenariat durable\u00a0\u00bb, a soulign\u00e9 M. Alj lors d\u2019une rencontre avec une&hellip;\n","protected":false},"author":2,"featured_media":4374,"comment_status":"","ping_status":"","sticky":false,"template":"","format":"standard","meta":{"footnotes":""},"categories":[83],"tags":[2942,104,2943,103,213,2941,97,7,2173,105,368,88,95,2938,1412,2940,86,545,676,2939,697],"class_list":{"0":"post-4373","1":"post","2":"type-post","3":"status-publish","4":"format-standard","5":"has-post-thumbnail","7":"category-maroc","8":"tag-chakib","9":"tag-a-la-une","10":"tag-alj","11":"tag-atlasinfo","12":"tag-chine","13":"tag-date","14":"tag-de","15":"tag-economie","16":"tag-economique","17":"tag-en-direct","18":"tag-et","19":"tag-la","20":"tag-le","21":"tag-le-maroc-et-la-chine-lies-par-un-partenariat-economique-solide-de-longue-date-chakib-alj","22":"tag-lies","23":"tag-longue","24":"tag-maroc","25":"tag-par","26":"tag-partenariat","27":"tag-solide","28":"tag-un"},"share_on_mastodon":{"url":"https:\/\/pubeurope.com\/@afrique\/116021412704754744","error":""},"_links":{"self":[{"href":"https:\/\/www.europesays.com\/afrique\/wp-json\/wp\/v2\/posts\/4373","targetHints":{"allow":["GET"]}}],"collection":[{"href":"https:\/\/www.europesays.com\/afrique\/wp-json\/wp\/v2\/posts"}],"about":[{"href":"https:\/\/www.europesays.com\/afrique\/wp-json\/wp\/v2\/types\/post"}],"author":[{"embeddable":true,"href":"https:\/\/www.europesays.com\/afrique\/wp-json\/wp\/v2\/users\/2"}],"replies":[{"embeddable":true,"href":"https:\/\/www.europesays.com\/afrique\/wp-json\/wp\/v2\/comments?post=4373"}],"version-history":[{"count":0,"href":"https:\/\/www.europesays.com\/afrique\/wp-json\/wp\/v2\/posts\/4373\/revisions"}],"wp:featuredmedia":[{"embeddable":true,"href":"https:\/\/www.europesays.com\/afrique\/wp-json\/wp\/v2\/media\/4374"}],"wp:attachment":[{"href":"https:\/\/www.europesays.com\/afrique\/wp-json\/wp\/v2\/media?parent=4373"}],"wp:term":[{"taxonomy":"category","embeddable":true,"href":"https:\/\/www.europesays.com\/afrique\/wp-json\/wp\/v2\/categories?post=4373"},{"taxonomy":"post_tag","embeddable":true,"href":"https:\/\/www.europesays.com\/afrique\/wp-json\/wp\/v2\/tags?post=4373"}],"curies":[{"name":"wp","href":"https:\/\/api.w.org\/{rel}","templated":true}]}}