{"id":44764,"date":"2026-03-16T08:21:17","date_gmt":"2026-03-16T08:21:17","guid":{"rendered":"https:\/\/www.europesays.com\/afrique\/44764\/"},"modified":"2026-03-16T08:21:17","modified_gmt":"2026-03-16T08:21:17","slug":"maroc-la-fao-alerte-sur-les-risques-de-propagation-de-criquets-pelerins-dans-plusieurs-regions-du-pays-2","status":"publish","type":"post","link":"https:\/\/www.europesays.com\/afrique\/44764\/","title":{"rendered":"Maroc: la FAO alerte sur les risques de propagation de criquets p\u00e8lerins dans plusieurs r\u00e9gions du pays"},"content":{"rendered":"<p class=\"mb-4 text-lg md:leading-8 break-words\">Avec notre correspondant \u00e0 Casablanca, Mathias Raynal<\/p>\n<p class=\"mb-4 text-lg md:leading-8 break-words\">Diffus\u00e9es sur les r\u00e9seaux sociaux, les images capt\u00e9es au mois de f\u00e9vrier sont impressionnantes. Elles montrent des nu\u00e9es de criquets p\u00e8lerins dans le Sahara occidental. Le sol, l&rsquo;air sont remplis d&rsquo;insectes.<\/p>\n<p class=\"mb-4 text-lg md:leading-8 break-words\">\u00ab C&rsquo;est une situation qui reste assez pr\u00e9occupante, qu&rsquo;il faut continuer \u00e0 surveiller et qu&rsquo;il faut continuer \u00e0 contr\u00f4ler autant que possible, en ne r\u00e9duisant pas du tout les efforts \u00bb, explique Cyril Piou, <a href=\"https:\/\/www.rfi.fr\/fr\/environnement\/20250502-les-criquets-p\u00e8lerins-menacent-l-afrique-du-nord\" rel=\"nofollow noopener\" target=\"_blank\" data-ylk=\"slk:pr\u00e9visionniste acridiens \u00e0 la FAO;elm:context_link;itc:0;sec:content-canvas\" data-yga=\"{&quot;yLinkElement&quot;:&quot;context_link&quot;,&quot;yModuleName&quot;:&quot;content-canvas&quot;,&quot;yLinkText&quot;:&quot;pr\u00e9visionniste acridiens \u00e0 la FAO&quot;}\" class=\"link \">pr\u00e9visionniste acridiens \u00e0 la FAO<\/a>. Il s&rsquo;occupe de la gestion de l&rsquo;information sur les criquets p\u00e8lerins. C&rsquo;est lui qui a \u00e9dit\u00e9 le bulletin mettant en garde contre une nouvelle vague au Maroc.<\/p>\n<p class=\"mb-4 text-lg md:leading-8 break-words\">\u00ab Ce qu&rsquo;on a actuellement, c&rsquo;est des groupes qui ne sont pas des tr\u00e8s grands essaims, ce sont des groupes de petite taille, de taille en tout cas contr\u00f4lables par les \u00e9quipes de la lutte antiacridienne du Maroc. Mais ils dispers\u00e9es sur beaucoup d&rsquo;endroits, ce qui rend les choses un peu compliqu\u00e9es \u00bb, d\u00e9taille le pr\u00e9visionniste.<\/p>\n<p class=\"mb-4 text-lg md:leading-8 break-words\">Depuis le mois d&rsquo;octobre, plus de 150 000 hectares ont \u00e9t\u00e9 trait\u00e9s au Maroc \u00e0 l&rsquo;aide de pesticides. Contact\u00e9e par RFI, une source officielle marocaine assure que la situation est pleinement ma\u00eetris\u00e9e : \u00ab Tous les dispositifs de surveillance et de vigilance sont activ\u00e9s. Les moyens humains et mat\u00e9riels sont mobilis\u00e9s pour traiter les zones affect\u00e9es \u00bb.<\/p>\n<p class=\"mb-4 text-lg md:leading-8 break-words\">\u00c0 lire aussi<a href=\"https:\/\/www.rfi.fr\/fr\/environnement\/20240217-les-criquets-p\u00e8lerins-devraient-profiter-du-r\u00e9chauffement-climatique\" class=\"link \" rel=\"nofollow noopener\" target=\"_blank\" data-ylk=\"slk:Les criquets p\u00e8lerins devraient profiter du r\u00e9chauffement climatique;elm:context_link;itc:0;sec:content-canvas\" data-yga=\"{&quot;yLinkElement&quot;:&quot;context_link&quot;,&quot;yModuleName&quot;:&quot;content-canvas&quot;,&quot;yLinkText&quot;:&quot;Les criquets p\u00e8lerins devraient profiter du r\u00e9chauffement climatique&quot;}\">Les criquets p\u00e8lerins devraient profiter du r\u00e9chauffement climatique<\/a><\/p>\n","protected":false},"excerpt":{"rendered":"Avec notre correspondant \u00e0 Casablanca, Mathias Raynal Diffus\u00e9es sur les r\u00e9seaux sociaux, les images capt\u00e9es au mois de&hellip;\n","protected":false},"author":2,"featured_media":44765,"comment_status":"","ping_status":"","sticky":false,"template":"","format":"standard","meta":{"footnotes":"","_share_on_mastodon":"0"},"categories":[83],"tags":[1378,11290,18061,6738,18063,86,18062],"class_list":["post-44764","post","type-post","status-publish","format-standard","has-post-thumbnail","category-maroc","tag-casablanca","tag-criquets-pelerins","tag-cyril-piou","tag-fao","tag-gestion-de-l39information","tag-maroc","tag-mois-de-fevrier"],"share_on_mastodon":{"url":"https:\/\/pubeurope.com\/@afrique\/116237885912643880","error":""},"_links":{"self":[{"href":"https:\/\/www.europesays.com\/afrique\/wp-json\/wp\/v2\/posts\/44764","targetHints":{"allow":["GET"]}}],"collection":[{"href":"https:\/\/www.europesays.com\/afrique\/wp-json\/wp\/v2\/posts"}],"about":[{"href":"https:\/\/www.europesays.com\/afrique\/wp-json\/wp\/v2\/types\/post"}],"author":[{"embeddable":true,"href":"https:\/\/www.europesays.com\/afrique\/wp-json\/wp\/v2\/users\/2"}],"replies":[{"embeddable":true,"href":"https:\/\/www.europesays.com\/afrique\/wp-json\/wp\/v2\/comments?post=44764"}],"version-history":[{"count":0,"href":"https:\/\/www.europesays.com\/afrique\/wp-json\/wp\/v2\/posts\/44764\/revisions"}],"wp:featuredmedia":[{"embeddable":true,"href":"https:\/\/www.europesays.com\/afrique\/wp-json\/wp\/v2\/media\/44765"}],"wp:attachment":[{"href":"https:\/\/www.europesays.com\/afrique\/wp-json\/wp\/v2\/media?parent=44764"}],"wp:term":[{"taxonomy":"category","embeddable":true,"href":"https:\/\/www.europesays.com\/afrique\/wp-json\/wp\/v2\/categories?post=44764"},{"taxonomy":"post_tag","embeddable":true,"href":"https:\/\/www.europesays.com\/afrique\/wp-json\/wp\/v2\/tags?post=44764"}],"curies":[{"name":"wp","href":"https:\/\/api.w.org\/{rel}","templated":true}]}}