{"id":46285,"date":"2026-03-17T15:43:16","date_gmt":"2026-03-17T15:43:16","guid":{"rendered":"https:\/\/www.europesays.com\/afrique\/46285\/"},"modified":"2026-03-17T15:43:16","modified_gmt":"2026-03-17T15:43:16","slug":"nicolas-sarkozy-de-retour-devant-la-justice-avec-le-proces-en-appel-du-dossier-du-financement-libyen","status":"publish","type":"post","link":"https:\/\/www.europesays.com\/afrique\/46285\/","title":{"rendered":"Nicolas Sarkozy de retour devant la justice avec le proc\u00e8s en appel du dossier du financement libyen"},"content":{"rendered":"<p>Les enjeux ne sauraient \u00eatre plus \u00e9lev\u00e9s pour <a target=\"_self\" href=\"https:\/\/www.france24.com\/fr\/tag\/nicolas-sarkozy\/\" class=\"gtm-add-suggested-tag\" rel=\"nofollow noopener\">Nicolas Sarkozy<\/a>, devenu l&rsquo;ann\u00e9e derni\u00e8re le premier ex-pr\u00e9sident \u00e0 \u00eatre incarc\u00e9r\u00e9 de l&rsquo;histoire de la R\u00e9publique. Lundi 16 mars s&rsquo;est ouvert, dans le d\u00e9cor monumental de la cour d&rsquo;appel de Paris, le proc\u00e8s du\u00a0pr\u00e9venu le plus c\u00e9l\u00e8bre de France <a target=\"_self\" href=\"https:\/\/www.france24.com\/fr\/france\/20250925-financement-libyen-principaux-points-jugement-nicolas-sarkozy-claude-gueant-brice-hortefeux\" rel=\"nofollow noopener\">dans l&rsquo;affaire du financement libyen<\/a>, pr\u00e9vu pour durer jusqu&rsquo;au 3 juin.<\/p>\n<p>En septembre 2025, <a target=\"_self\" href=\"https:\/\/www.france24.com\/fr\/france\/20250925-financement-libyen-principaux-points-jugement-nicolas-sarkozy-claude-gueant-brice-hortefeux\" rel=\"nofollow noopener\">le tribunal correctionnel de Paris l&rsquo;a d\u00e9clar\u00e9 coupable d&rsquo;association de malfaiteurs et l&rsquo;a condamn\u00e9 \u00e0 cinq ans d&#8217;emprisonnement ferme<\/a> en raison d&rsquo;une \u00ab\u00a0corruption au plus haut niveau\u00a0\u00bb d&rsquo;une \u00ab\u00a0exceptionnelle gravit\u00e9\u00a0\u00bb. Entr\u00e9 le 21 octobre \u00e0 <a target=\"_self\" href=\"https:\/\/www.france24.com\/fr\/info-en-continu\/20251210-sarkozy-sort-son-journal-d-un-prisonnier-et-le-d\u00e9dicace-\u00e0-paris\" rel=\"nofollow noopener\">la prison de la Sant\u00e9<\/a> sous les cam\u00e9ras du monde entier, <a target=\"_self\" href=\"https:\/\/www.france24.com\/fr\/tag\/nicolas-sarkozy\/\" class=\"gtm-add-suggested-tag\" rel=\"nofollow noopener\">Nicolas Sarkozy<\/a> a obtenu sa mise en libert\u00e9 sous contr\u00f4le judiciaire trois semaines plus tard.<\/p>\n<p>Dans ce feuilleton politico-financier aux multiples m\u00e9andres, qui fait rage depuis 2011, l&rsquo;ancien champion de la droite est accus\u00e9 d&rsquo;avoir per\u00e7u des fonds secrets de la <a target=\"_self\" href=\"https:\/\/www.france24.com\/fr\/tag\/libye\/\" class=\"gtm-add-suggested-tag\" rel=\"nofollow noopener\">Libye<\/a> du dictateur Mouammar Khadafi pour sa campagne pr\u00e9sidentielle victorieuse de 2007, ce qu&rsquo;il a toujours ni\u00e9 vigoureusement.<\/p>\n<p>En premi\u00e8re instance, le tribunal correctionnel l&rsquo;a relax\u00e9 pour trois des quatre infractions pour lesquelles il \u00e9tait jug\u00e9.<\/p>\n<p>Les juges ont estim\u00e9 que le financement libyen de la campagne \u00e9lectorale de 2007 n&rsquo;\u00e9tait pas \u00e9tabli, malgr\u00e9 l&rsquo;envoi corrobor\u00e9 de 6,5 millions d&rsquo;euros par la Libye en janvier et novembre 2006. Pour les magistrats, il n&rsquo;a pas \u00e9t\u00e9 apport\u00e9 la preuve que ces fonds ont effectivement atterri dans les caisses de la campagne qui a port\u00e9 Nicolas Sarkozy \u00e0 l&rsquo;<a target=\"_self\" href=\"https:\/\/www.france24.com\/fr\/tag\/\u00e9lys\u00e9e\/\" class=\"gtm-add-suggested-tag\" rel=\"nofollow noopener\">\u00c9lys\u00e9e<\/a>.<\/p>\n<p>Toutefois, ils ont jug\u00e9 que l&rsquo;ex-pr\u00e9sident avait effectivement laiss\u00e9 ses plus proches collaborateurs, <a target=\"_self\" href=\"https:\/\/www.france24.com\/fr\/tag\/claude-gu\u00e9ant\/\" class=\"gtm-add-suggested-tag\" rel=\"nofollow noopener\">Claude Gu\u00e9ant<\/a> et <a target=\"_self\" href=\"https:\/\/www.france24.com\/fr\/tag\/brice-hortefeux\/\" class=\"gtm-add-suggested-tag\" rel=\"nofollow noopener\">Brice Hortefeux<\/a>, d\u00e9marcher le pouvoir libyen en ce sens \u00e0 l&rsquo;occasion de rendez-vous secrets qu&rsquo;ils ont eus en Libye fin 2005 avec un proche de <a target=\"_self\" href=\"https:\/\/www.france24.com\/fr\/tag\/mouammar-kadhafi\/\" class=\"gtm-add-suggested-tag\" rel=\"nofollow noopener\">Mouammar Kadhafi<\/a>, recherch\u00e9 par la justice fran\u00e7aise.<\/p>\n<p>L&rsquo;entourage de Nicolas Sarkozy n&rsquo;a pas souhait\u00e9 s&rsquo;exprimer avant l&rsquo;audience.<\/p>\n<p class=\"a-read-more\">\u00c0 lire aussi<a target=\"_self\" href=\"https:\/\/www.france24.com\/fr\/vid\u00e9o\/20251021-incarc\u00e9ration-de-nicolas-sarkozy-retour-sur-les-faits-de-l-affaire-libyenne\" class=\"a-read-more__link\" rel=\"nofollow noopener\">Incarc\u00e9ration de Nicolas Sarkozy : retour sur les faits de l&rsquo;affaire libyenne<\/a><\/p>\n<p> Claude Gu\u00e9ant et Brice Hortefeux parmi les\u00a0pr\u00e9venus <\/p>\n<p>Outre Nicolas Sarkozy, aujourd&rsquo;hui \u00e2g\u00e9 de 71 ans, d\u00e9finitivement condamn\u00e9 dans les affaires Bismuth et <a target=\"_self\" href=\"https:\/\/www.france24.com\/fr\/france\/20260309-affaire-bygmalion-nicolas-sarkozy-devra-purger-sa-peine-de-prison-ferme\" rel=\"nofollow noopener\">Bygmalion<\/a>, respectivement pour corruption et financement ill\u00e9gal de campagne, neuf autres pr\u00e9venus sont rejug\u00e9s \u00e0 l&rsquo;occasion de ce proc\u00e8s en appel.<\/p>\n<p>\u00ab\u00a0Le financement occulte de campagne \u00e9lectorale \u2013 qui repose sur un ensemble complexe d&rsquo;acteurs, de transactions financi\u00e8res et de montages juridiques \u2013 fragilise le pacte d\u00e9mocratique. Chaque euro d\u00e9tourn\u00e9 ou inject\u00e9 ill\u00e9galement est une atteinte directe \u00e0 la souverainet\u00e9\u00a0\u00bb, ont estim\u00e9 dans un communiqu\u00e9 les associations anticorruption Sherpa, Anticor et Transparency International <a target=\"_self\" href=\"https:\/\/www.france24.com\/fr\/tag\/france\/\" class=\"gtm-add-suggested-tag\" rel=\"nofollow noopener\">France<\/a>, parties civiles.<\/p>\n<p>Aux c\u00f4t\u00e9s de l&rsquo;ancien chef de l&rsquo;\u00c9tat comparaissent son ex-bras droit Claude Gu\u00e9ant et l&rsquo;ancien ministre Brice Hortefeux, son ami de toujours.<\/p>\n<p>Secr\u00e9taire g\u00e9n\u00e9ral de l&rsquo;\u00c9lys\u00e9e sous la pr\u00e9sidence Sarkozy, Claude Gu\u00e9ant a \u00e9t\u00e9 l&rsquo;un des plus lourdement sanctionn\u00e9s en premi\u00e8re instance. Le tribunal l&rsquo;a condamn\u00e9 \u00e0 six ans de prison pour toute une s\u00e9rie de d\u00e9lits, dont corruption, trafic d&rsquo;influence passive ou encore faux et usage de faux.<\/p>\n<p class=\"a-read-more\">\u00c0 lire aussi<a target=\"_self\" href=\"https:\/\/www.france24.com\/fr\/france\/20250926-scandales-politico-financiers-quels-sont-pr\u00e9sidents-ministres-d\u00e9j\u00e0-condamn\u00e9s\" class=\"a-read-more__link\" rel=\"nofollow noopener\">Scandales politico-financiers\u00a0: quels sont les pr\u00e9sidents et ministres d\u00e9j\u00e0 condamn\u00e9s\u00a0?<\/a><\/p>\n<p>En raison de son \u00e9tat de sant\u00e9, il a \u00e9chapp\u00e9 au mandat de d\u00e9p\u00f4t et sa pr\u00e9sence au proc\u00e8s en appel est incertaine.<\/p>\n<p>Quant \u00e0 Brice Hortefeux, 67 ans, la justice lui reproche d&rsquo;avoir agi comme interm\u00e9diaire du financement \u00e0 travers le r\u00e9seau du Franco-Libanais <a target=\"_self\" href=\"https:\/\/www.france24.com\/fr\/tag\/ziad-takieddine\/\" class=\"gtm-add-suggested-tag\" rel=\"nofollow noopener\">Ziad Takieddine<\/a>. Ce personne central du dossier, qui avait \u00e9t\u00e9 jug\u00e9 en son absence devant le tribunal, est d\u00e9c\u00e9d\u00e9 juste avant le jugement.<\/p>\n<p>Brice Hortefeux a \u00e9t\u00e9 condamn\u00e9 par le tribunal correctionnel \u00e0 deux ans de prison, une peine am\u00e9nageable \u00e0 effectuer sous bracelet \u00e0 domicile assortie de l&rsquo;ex\u00e9cution provisoire, et \u00e0 une amende de 50 000 euros.<\/p>\n<p>Sur le banc des pr\u00e9venus figure \u00e9galement l&rsquo;ex-ministre du Travail et du Budget Eric Woerth, qui fut le tr\u00e9sorier de la campagne de 2007. Sa relaxe en premi\u00e8re instance a fait l&rsquo;objet d&rsquo;un appel du parquet national financier (PNF).<\/p>\n<p>\u00c0 l&rsquo;instar de Nicolas Sarkozy, les deux condamn\u00e9s \u00e9crou\u00e9s \u00e0 l&rsquo;issue du jugement de septembre, l&rsquo;interm\u00e9diaire Alexandre Djouhri et le banquier Wahib Nacer, ont \u00e9t\u00e9 mis en libert\u00e9 par la justice les semaines suivantes.<\/p>\n<p>Avec AFP<\/p>\n","protected":false},"excerpt":{"rendered":"Les enjeux ne sauraient \u00eatre plus \u00e9lev\u00e9s pour Nicolas Sarkozy, devenu l&rsquo;ann\u00e9e derni\u00e8re le premier ex-pr\u00e9sident \u00e0 \u00eatre&hellip;\n","protected":false},"author":2,"featured_media":44625,"comment_status":"","ping_status":"","sticky":false,"template":"","format":"standard","meta":{"footnotes":"","_share_on_mastodon":"0"},"categories":[121],"tags":[453,441,125,134,17513],"class_list":["post-46285","post","type-post","status-publish","format-standard","has-post-thumbnail","category-libye","tag-france","tag-justice","tag-libye","tag-mouammar-kadhafi","tag-nicolas-sarkozy"],"share_on_mastodon":{"url":"https:\/\/pubeurope.com\/@afrique\/116245286353898484","error":""},"_links":{"self":[{"href":"https:\/\/www.europesays.com\/afrique\/wp-json\/wp\/v2\/posts\/46285","targetHints":{"allow":["GET"]}}],"collection":[{"href":"https:\/\/www.europesays.com\/afrique\/wp-json\/wp\/v2\/posts"}],"about":[{"href":"https:\/\/www.europesays.com\/afrique\/wp-json\/wp\/v2\/types\/post"}],"author":[{"embeddable":true,"href":"https:\/\/www.europesays.com\/afrique\/wp-json\/wp\/v2\/users\/2"}],"replies":[{"embeddable":true,"href":"https:\/\/www.europesays.com\/afrique\/wp-json\/wp\/v2\/comments?post=46285"}],"version-history":[{"count":0,"href":"https:\/\/www.europesays.com\/afrique\/wp-json\/wp\/v2\/posts\/46285\/revisions"}],"wp:featuredmedia":[{"embeddable":true,"href":"https:\/\/www.europesays.com\/afrique\/wp-json\/wp\/v2\/media\/44625"}],"wp:attachment":[{"href":"https:\/\/www.europesays.com\/afrique\/wp-json\/wp\/v2\/media?parent=46285"}],"wp:term":[{"taxonomy":"category","embeddable":true,"href":"https:\/\/www.europesays.com\/afrique\/wp-json\/wp\/v2\/categories?post=46285"},{"taxonomy":"post_tag","embeddable":true,"href":"https:\/\/www.europesays.com\/afrique\/wp-json\/wp\/v2\/tags?post=46285"}],"curies":[{"name":"wp","href":"https:\/\/api.w.org\/{rel}","templated":true}]}}