{"id":4640,"date":"2026-02-06T06:55:18","date_gmt":"2026-02-06T06:55:18","guid":{"rendered":"https:\/\/www.europesays.com\/afrique\/4640\/"},"modified":"2026-02-06T06:55:18","modified_gmt":"2026-02-06T06:55:18","slug":"elections-en-ouganda-silence-dans-la-presse","status":"publish","type":"post","link":"https:\/\/www.europesays.com\/afrique\/4640\/","title":{"rendered":"\u00c9lections en Ouganda : \u00ab\u00a0Silence\u00a0\u00bb &#8211; Dans la presse"},"content":{"rendered":"<p>\n                                                \u00c0 la une de la presse, ce mercredi 14\u00a0janvier, la poursuite de la r\u00e9pression en Iran, o\u00f9 internet est toujours coup\u00e9 et o\u00f9 l\u2019ampleur exacte des massacres commis par le r\u00e9gime reste inconnue. Les \u00e9lections g\u00e9n\u00e9rales de demain en Ouganda, le prix de la \u00ab\u00a0pire tyran\u00a0\u00bb remis \u00e0 la pr\u00e9sidente de la Tanzanie. Le Maroc en demi-finale de la CAN. Et un enfant J\u00e9sus controvers\u00e9 en Allemagne.                    <\/p>\n<p>Le +\u00a0: Recevez tous les matins la Revue de presse de France 24 sur votre\u00a0<a href=\"http:\/\/itunes.apple.com\/app\/france-24-live\/id303958083?mt=8\" target=\"_blank\" rel=\"nofollow noopener\">iPhone<\/a>\u00a0ou sur\u00a0<a href=\"https:\/\/www.france24.com\/fr\/mobile\" target=\"_self\" rel=\"nofollow noopener\">tout autre mobile<\/a>. Et \u00e9galement toujours sur votre PC en devenant fan sur\u00a0<a href=\"http:\/\/www.facebook.com\/pages\/La-revue-de-presse-de-FRANCE-24\/106977966001776?ref=ts\" target=\"_blank\" rel=\"nofollow noopener\">Facebook<\/a>\u2026<\/p>\n<p>\u00c0 la une de la presse, la poursuite de la r\u00e9pression en <a href=\"https:\/\/www.france24.com\/fr\/tag\/iran\/\" target=\"_self\" class=\"gtm-add-suggested-tag\" rel=\"nofollow noopener\">Iran<\/a>, o\u00f9 internet est toujours coup\u00e9.<\/p>\n<p>Alors que des Iraniens de la diaspora ont enfin pu contacter, hier, leurs proches par t\u00e9l\u00e9phone pour la premi\u00e8re fois depuis cinq\u00a0jours, l\u2019ampleur exacte de la r\u00e9pression reste inconnue. The Independent, quotidien britannique, comme plusieurs m\u00e9dias, parle de \u00ab\u00a0plus de 2\u00a0000 morts\u00a0\u00bb \u2013\u00a0un chiffre de l&rsquo;organisation de d\u00e9fense des droits humains HRANA, bas\u00e9e aux <a href=\"https:\/\/www.france24.com\/fr\/tag\/\u00e9tats-unis\/\" target=\"_self\" class=\"gtm-add-suggested-tag\" rel=\"nofollow noopener\">\u00c9tats-Unis<\/a>, que le pr\u00e9sident Trump dit ne pas pouvoir confirmer tout en indiquant qu\u2019il \u00ab\u00a0pourrait \u00eatre assez consid\u00e9rable\u00a0\u00bb.<\/p>\n<p>Iran International, site d\u2019opposition bas\u00e9 \u00e0 l\u2019\u00e9tranger, affirme qu\u2019au moins 12\u00a0000\u00a0personnes auraient \u00e9t\u00e9 tu\u00e9es, principalement durant les nuits de jeudi et vendredi. Dans des messages transmis au Guardian, lundi, trois m\u00e9decins de T\u00e9h\u00e9ran d\u00e9crivent des h\u00f4pitaux et des services d&rsquo;urgence \u00ab\u00a0d\u00e9bord\u00e9s par l&rsquo;afflux de manifestants bless\u00e9s par balles\u00a0\u00bb, avec des blessures \u00ab\u00a0principalement concentr\u00e9es aux yeux et \u00e0 la t\u00eate\u00a0\u00bb, \u00ab\u00a0une tactique d\u00e9j\u00e0 utilis\u00e9e contre les manifestants de \u00ab\u00a0Femme, Vie, Libert\u00e9\u00a0\u00bb, en 2022&Prime;, selon des ONG de d\u00e9fense des droits humains. Du c\u00f4t\u00e9 de la presse officielle, il n\u2019est question que des manifestations pro-r\u00e9gime. \u00ab\u00a0Game over\u00a0\u00bb\u00a0: dans Tehran Times, Ali Khamenei \u00ab\u00a0remercie le peuple iranien pour sa d\u00e9monstration massive d\u2019unit\u00e9 apr\u00e8s les \u00e9meutes foment\u00e9es par les \u00c9tats-Unis\u00a0\u00bb.<\/p>\n<p>Black-out aussi en <a href=\"https:\/\/www.france24.com\/fr\/tag\/ouganda\/\" target=\"_self\" class=\"gtm-add-suggested-tag\" rel=\"nofollow noopener\">Ouganda<\/a>, o\u00f9 l\u2019acc\u00e8s \u00e0 internet a \u00e9t\u00e9 coup\u00e9 hier, pour une dur\u00e9e ind\u00e9termin\u00e9e, avant les \u00e9lections g\u00e9n\u00e9rales de demain. The Daily Monitor rappelle que le pays avait d\u00e9j\u00e0 bloqu\u00e9 l\u2019acc\u00e8s \u00e0 internet lors de la pr\u00e9c\u00e9dente pr\u00e9sidentielle de 2021. Un black-out de pr\u00e8s de quatre\u00a0jours, qui aurait co\u00fbt\u00e9 pr\u00e8s de 100\u00a0millions d\u2019euros \u00e0 l\u2019Ouganda, selon certaines estimations. D\u2019apr\u00e8s le quotidien ougandais, ce nouveau blocage a \u00e9t\u00e9 justifi\u00e9 par la n\u00e9cessit\u00e9 d\u2019emp\u00eacher \u00ab\u00a0la d\u00e9sinformation en ligne, la fraude \u00e9lectorale et l\u2019incitation \u00e0 la violence\u00a0\u00bb. Sauf immense surprise, le pr\u00e9sident <a href=\"https:\/\/www.france24.com\/fr\/tag\/yoweri-museveni\/\" target=\"_self\" class=\"gtm-add-suggested-tag\" rel=\"nofollow noopener\">Yoweri Museveni<\/a>, 81\u00a0ans, au pouvoir depuis 40\u00a0ans, devrait \u00eatre reconduit. \u00ab\u00a0Une performance qui le place sur le podium des dirigeants africains encore en exercice ayant pass\u00e9 le plus de temps sur le tr\u00f4ne\u00a0\u00bb, ironise Jeune Afrique. D\u2019apr\u00e8s le magazine, le principal opposant du pr\u00e9sident ougandais, <a href=\"https:\/\/www.france24.com\/fr\/tag\/bobi-wine\/\" target=\"_self\" class=\"gtm-add-suggested-tag\" rel=\"nofollow noopener\">Bobi Wine<\/a>, \u00ab\u00a0ne semble gu\u00e8re se faire d\u2019illusion\u00a0\u00bb sur l\u2019issue du scrutin, \u00ab\u00a0accusant r\u00e9guli\u00e8rement le pouvoir en place de virage autoritaire et de fraudes \u00e9lectorales\u00a0\u00bb.<\/p>\n<p>Alors que les \u00e9lections demain se tiennent\u00a0dans un climat de \u00ab\u00a0r\u00e9pression\u00a0et d\u2019intimidation\u00a0\u00a0\u00bb g\u00e9n\u00e9ralis\u00e9es\u00a0\u00bb, selon l\u2019ONU, The Independent, autre quotidien ougandais met en garde le chef de l\u2019\u00c9tat contre le risque d\u2019une nouvelle mobilisation de la jeunesse face \u00e0 ce qu\u2019elle per\u00e7oit \u00ab\u00a0comme une l\u00e9thargie\u00a0\u00bb du pouvoir et face aux \u00ab\u00a0scandales de corruption \u00e0 r\u00e9p\u00e9tition\u00a0\u00bb qui avaient d\u00e9j\u00e0 d\u00e9clench\u00e9 des manifestations de 2024, \u00e0 un moment o\u00f9 s\u2019amorce aussi \u00ab\u00a0une succession politique potentiellement difficile\u00a0\u00bb.<\/p>\n<p>Le pr\u00e9sident ougandais sur le podium de long\u00e9vit\u00e9 des dirigeants africains, et la pr\u00e9sidente de la <a href=\"https:\/\/www.france24.com\/fr\/tag\/tanzanie\/\" target=\"_self\" class=\"gtm-add-suggested-tag\" rel=\"nofollow noopener\">Tanzanie<\/a> d\u00e9sign\u00e9e \u00ab\u00a0tyran de l\u2019ann\u00e9e\u00a0\u00bb par une ONG britannique. Le Monde rapporte que ce prix satirique a \u00e9t\u00e9 d\u00e9cern\u00e9 \u00e0 Samia Suluhu Hassan par l\u2019organisation Index on Censorship, il y a quelques jours, pour \u00ab\u00a0d\u00e9noncer la r\u00e9pression lors de la pr\u00e9sidentielle et les attaques \u00e0 la libert\u00e9 d\u2019expression\u00a0\u00bb. Le quotidien rappelle que le scrutin d\u2019octobre dernier avait \u00e9t\u00e9 remport\u00e9 avec un score sovi\u00e9tique, plus de 97\u00a0%, par Samia Suluhu Hassan, sur fond de \u00ab\u00a0r\u00e9pression sanglante\u00a0\u00bb. Pour d\u00e9noncer le musellement de l\u2019opposition, des milliers de personnes avaient manifest\u00e9 le jour du vote, avant d\u2019\u00eatre arr\u00eat\u00e9es, bless\u00e9es, parfois tu\u00e9es par les forces de l\u2019ordre. D\u2019apr\u00e8s Le Monde, le bilan de cette r\u00e9pression, \u00ab\u00a0difficile \u00e0 \u00e9tablir, fait \u00e9tat de 800 \u00e0 2\u00a0000\u00a0victimes en trois\u00a0jours\u00a0\u00bb.<\/p>\n<p>On reste en Afrique avec la CAN. Rendez-vous aujourd\u2019hui pour les deux demi-finales, S\u00e9n\u00e9gal-\u00c9gypte et Nigeria-Maroc. Pays organisateur, et sans victoire depuis 50\u00a0ans dans la comp\u00e9tition, le <a href=\"https:\/\/www.france24.com\/fr\/tag\/maroc\/\" target=\"_self\" class=\"gtm-add-suggested-tag\" rel=\"nofollow noopener\">Maroc<\/a> \u00ab\u00a0retient son souffle\u00a0\u00bb. Le Parisien\/Aujourd\u2019hui en France raconte que le rendez-vous de ce soir face aux Super Eagles \u00ab\u00a0tient en haleine le Maroc tout entier\u00a0\u00bb. Le journal marocain Le Matin fait \u00e9tat de \u00ab\u00a0sc\u00e8nes de liesse visibles\u00a0\u00bb \u00e0-travers tout le pays, mais d\u2019apr\u00e8s le journal, \u00ab\u00a0la performance remarquable des Lions de l\u2019Atlas n\u2019est pas le seul motif de fiert\u00e9 des Marocains\u00a0\u00bb, particuli\u00e8rement satisfaits de \u00ab\u00a0la qualit\u00e9 de l\u2019organisation et [des] \u00e9loges qu\u2019elle suscite partout dans le monde\u00a0\u00bb.<\/p>\n<p>De son c\u00f4t\u00e9 El Pais, le quotidien espagnol, annonce qu\u2019apr\u00e8s avoir donn\u00e9 le coup d\u2019envoi de la comp\u00e9tition, le prince h\u00e9ritier du Maroc, Moulay Hassan remettra \u00e9galement le troph\u00e9e de cette CAN au vainqueur en l\u2019absence de son p\u00e8re, Mohammed\u00a0VI, absent de tout \u00e9v\u00e9nement officiel depuis plus de deux mois. \u00ab\u00a0L\u2019invisibilit\u00e9 du monarque alaouite durant cette comp\u00e9tition, longue s\u00e9quence de soft power\u00a0\u00bb, n\u2019a pas non plus \u00e9chapp\u00e9 au Monde, qui indique qu\u2019un communiqu\u00e9, publi\u00e9 samedi, explique cette absence par des douleurs au dos. Selon Pierre Vermeren, prof d\u2019histoire du Maghreb contemporain, ce\u00a0bulletin de sant\u00e9 actant l\u2019absence du roi \u00ab\u00a0s\u2019inscrit dans\u00a0un narratif tr\u00e8s ma\u00eetris\u00e9\u00a0\u00bb\u00a0:\u00a0\u00ab\u00a0Depuis pr\u00e8s de deux\u00a0ans, Moulay\u00a0Al-Hassan est mis en avant pour que tout le monde sache que Mohammed\u00a0VI a un h\u00e9ritier. Mais la monarchie n\u2019est pas pr\u00eate \u00e0 lui donner des responsabilit\u00e9s politiques. La CAN lui offre un r\u00f4le purement honorifique.\u00a0\u00bb<\/p>\n<p>\u00c0 propos de r\u00f4le, un mot, pour terminer, d\u2019une repr\u00e9sentation qui n\u2019en finit pas de provoquer la pol\u00e9mique en <a href=\"https:\/\/www.france24.com\/fr\/tag\/allemagne\/\" target=\"_self\" class=\"gtm-add-suggested-tag\" rel=\"nofollow noopener\">Allemagne<\/a>. The Guardian raconte que la retransmission par l\u2019ARD, la t\u00e9l\u00e9 publique allemande, d\u2019une messe de No\u00ebl, a provoqu\u00e9 un \u00e9norme d\u00e9bat \u00e0 cause d&rsquo;une curieuse repr\u00e9sentation de J\u00e9sus. Lors de la c\u00e9l\u00e9bration, dans une \u00e9glise de Stuttgart, un adulte allong\u00e9 sur un tas de paille figurait l&rsquo;enfant J\u00e9sus, le corps enti\u00e8rement recouvert de p\u00e2te de riz gluant pour figurer le placenta du nouveau-n\u00e9, l\u2019obligeant d\u2019ailleurs \u00e0 respirer \u00e0 l&rsquo;aide d&rsquo;une paille. Selon l&rsquo;artiste l\u2019ayant con\u00e7ue, l\u2019installation visait \u00e0 symboliser \u00ab\u00a0un moment d&rsquo;incertitude, entre s\u00e9curit\u00e9 et d\u00e9tresse\u00a0\u00bb, mais pour plusieurs m\u00e9dias de droite, qui militent depuis des ann\u00e9es contre l\u2019audiovisuel public, cette mise en sc\u00e8ne \u00e9tait avant tout \u00ab\u00a0irrespectueuse\u00a0\u00bb vis-\u00e0-vis des fid\u00e8les. Apr\u00e8s trois semaines de critiques croissantes et de moqueries en ligne, le dioc\u00e8se de Rottenburg-Stuttgart a reconnu lundi que \u00ab\u00a0tout ne s&rsquo;\u00e9tait pas d\u00e9roul\u00e9 comme pr\u00e9vu\u00a0\u00bb. Les voies du Seigneur, dit-on, sont imp\u00e9n\u00e9trables.<\/p>\n<p>Retrouvez tous les matins sur France 24 la Revue de presse (du lundi au vendredi, \u00e0 7\u00a0h\u00a020 et 9\u00a0h\u00a020 heure de Paris). Suivez \u00e9galement tous les week-ends en multidiffusion la Revue des Hebdos.<\/p>\n","protected":false},"excerpt":{"rendered":"\u00c0 la une de la presse, ce mercredi 14\u00a0janvier, la poursuite de la r\u00e9pression en Iran, o\u00f9 internet&hellip;\n","protected":false},"author":2,"featured_media":4641,"comment_status":"","ping_status":"","sticky":false,"template":"","format":"standard","meta":{"footnotes":""},"categories":[177],"tags":[3056,848,3052,3054,2928,86,3053,3055,314,2782,774,304,973],"class_list":{"0":"post-4640","1":"post","2":"type-post","3":"status-publish","4":"format-standard","5":"has-post-thumbnail","7":"category-ouganda","8":"tag-allemagne","9":"tag-coupe-dafrique-des-nations-can","10":"tag-dans-la-presse","11":"tag-eglise","12":"tag-iran","13":"tag-maroc","14":"tag-mohammed-vi","15":"tag-noel","16":"tag-ouganda","17":"tag-repression","18":"tag-revue-de-presse","19":"tag-tanzanie","20":"tag-yoweri-museveni"},"share_on_mastodon":{"url":"https:\/\/pubeurope.com\/@afrique\/116022379982275009","error":""},"_links":{"self":[{"href":"https:\/\/www.europesays.com\/afrique\/wp-json\/wp\/v2\/posts\/4640","targetHints":{"allow":["GET"]}}],"collection":[{"href":"https:\/\/www.europesays.com\/afrique\/wp-json\/wp\/v2\/posts"}],"about":[{"href":"https:\/\/www.europesays.com\/afrique\/wp-json\/wp\/v2\/types\/post"}],"author":[{"embeddable":true,"href":"https:\/\/www.europesays.com\/afrique\/wp-json\/wp\/v2\/users\/2"}],"replies":[{"embeddable":true,"href":"https:\/\/www.europesays.com\/afrique\/wp-json\/wp\/v2\/comments?post=4640"}],"version-history":[{"count":0,"href":"https:\/\/www.europesays.com\/afrique\/wp-json\/wp\/v2\/posts\/4640\/revisions"}],"wp:featuredmedia":[{"embeddable":true,"href":"https:\/\/www.europesays.com\/afrique\/wp-json\/wp\/v2\/media\/4641"}],"wp:attachment":[{"href":"https:\/\/www.europesays.com\/afrique\/wp-json\/wp\/v2\/media?parent=4640"}],"wp:term":[{"taxonomy":"category","embeddable":true,"href":"https:\/\/www.europesays.com\/afrique\/wp-json\/wp\/v2\/categories?post=4640"},{"taxonomy":"post_tag","embeddable":true,"href":"https:\/\/www.europesays.com\/afrique\/wp-json\/wp\/v2\/tags?post=4640"}],"curies":[{"name":"wp","href":"https:\/\/api.w.org\/{rel}","templated":true}]}}