{"id":4768,"date":"2026-02-06T09:02:44","date_gmt":"2026-02-06T09:02:44","guid":{"rendered":"https:\/\/www.europesays.com\/afrique\/4768\/"},"modified":"2026-02-06T09:02:44","modified_gmt":"2026-02-06T09:02:44","slug":"de-violentes-manifestations-contre-la-hausse-des-prix-font-plus-de-20-morts-en-angola","status":"publish","type":"post","link":"https:\/\/www.europesays.com\/afrique\/4768\/","title":{"rendered":"De violentes manifestations contre la hausse des prix font plus de 20 morts en Angola"},"content":{"rendered":"<p>Vingt-deux personnes ont \u00e9t\u00e9 tu\u00e9es en <a href=\"https:\/\/www.france24.com\/fr\/tag\/angola\/\" target=\"_self\" rel=\"nofollow noopener\">Angola<\/a>\u00a0depuis lundi 28 juillet dans de violentes manifestations pour protester contre la hausse des prix des carburants, accompagn\u00e9es de nombreux pillages de magasins d&rsquo;alimentation.\u00a0<\/p>\n<p>La d\u00e9cision du gouvernement d\u00e9but juillet d&rsquo;augmenter les prix des carburants fortement subventionn\u00e9s de 300 \u00e0 400 kwanzas par litre (de 0,28 \u00e0 0,38 euros) a provoqu\u00e9 un vif m\u00e9contentement dans le pays d&rsquo;<a href=\"https:\/\/www.france24.com\/fr\/tag\/afrique\/\" target=\"_self\" class=\"gtm-add-suggested-tag\" rel=\"nofollow noopener\">Afrique<\/a> australe, deuxi\u00e8me producteur africain de p\u00e9trole apr\u00e8s le Nigeria, mais o\u00f9 de nombreuses personnes vivent dans la pauvret\u00e9.<\/p>\n<p>Des coups de feu ont retenti par intermittence \u00e0 Luanda et dans plusieurs autres villes, o\u00f9 des affrontements ont oppos\u00e9 manifestants et forces de l&rsquo;ordre. Il s&rsquo;agit des pires violences enregistr\u00e9es dans le pays depuis plusieurs ann\u00e9es, selon les autorit\u00e9s.<\/p>\n<p>Ce sont dans un premier temps des organisations de la soci\u00e9t\u00e9 civile qui ont appel\u00e9 \u00e0 manifester le samedi, depuis trois semaines. Puis, l&rsquo;association des taxis du pays a d\u00e9cr\u00e9t\u00e9 une gr\u00e8ve de trois jours qui a d\u00e9but\u00e9 lundi : la situation a d\u00e9g\u00e9n\u00e9r\u00e9 lundi et mardi en pillages g\u00e9n\u00e9ralis\u00e9s.<\/p>\n<p> Des supermarch\u00e9s et des entrep\u00f4ts vis\u00e9s par les \u00e9meutiers <\/p>\n<p>\u00ab\u00a0Nous d\u00e9plorons 22 morts, dont un policier\u00a0\u00bb, a d\u00e9clar\u00e9 \u00e0 la presse le ministre de l&rsquo;Int\u00e9rieur Manuel Homem \u00e0 l&rsquo;issue d&rsquo;un conseil des ministres pr\u00e9sid\u00e9 par le chef de l&rsquo;\u00c9tat <a href=\"https:\/\/www.france24.com\/fr\/tag\/jo\u00e3o-louren\u00e7o\/\" target=\"_self\" class=\"gtm-add-suggested-tag\" rel=\"nofollow noopener\">Jo\u00e3o Louren\u00e7o<\/a>. Le ministre a \u00e9galement fait \u00e9tat de 197 bless\u00e9s.<\/p>\n<p>Des supermarch\u00e9s et des entrep\u00f4ts ont \u00e9t\u00e9 vis\u00e9s par les \u00e9meutiers, qui ont emport\u00e9 vivres et marchandises, causant des d\u00e9g\u00e2ts dans 66 magasins, selon lui. Il a aussi pr\u00e9cis\u00e9 que plus de 1 200 personnes avaient \u00e9t\u00e9 arr\u00eat\u00e9es.\u00a0La police avait fait \u00e9tat mardi soir d&rsquo;un bilan de quatre morts et indiqu\u00e9 avoir arr\u00eat\u00e9 \u00ab\u00a01 214 suspects\u00a0\u00bb.<\/p>\n<p>Mercredi,\u00a0de nombreux magasins et agences bancaires \u00e9taient ferm\u00e9es \u00e0 Luanda, o\u00f9 des patrouilles des forces de s\u00e9curit\u00e9 \u00e9taient visibles, ont constat\u00e9 des correspondants de l&rsquo;AFP. Le calme \u00e9tait revenu, mais la tension restait palpable.\u00a0De nombreux habitants sont rest\u00e9s chez eux, et les rues \u00e9taient souvent d\u00e9sertes, \u00e0 l&rsquo;exception de quelques queues devant certaines stations-service et devant les rares \u00e9choppes ouvertes.\u00a0Les transports publics ont repris progressivement apr\u00e8s deux jours d&rsquo;arr\u00eat.<\/p>\n<p>Dans ce pays lusophone d&rsquo;une trentaine de millions d&rsquo;habitants, l&rsquo;inflation est tr\u00e8s \u00e9lev\u00e9e et a approch\u00e9 les 20 % en juin, tandis que le taux de ch\u00f4mage a atteint presque 30 %, selon l&rsquo;autorit\u00e9 nationale des statistiques.<\/p>\n<p> Pour l&rsquo;opposition, des politiques \u00ab\u00a0d\u00e9connect\u00e9es de la r\u00e9alit\u00e9\u00a0\u00bb <\/p>\n<p>Les troubles de lundi et mardi se sont \u00e9tendus \u00e0 l&rsquo;int\u00e9rieur du pays. Un journaliste de la ville de Huambo, situ\u00e9e \u00e0 environ 600 kilom\u00e8tres de Luanda, y a rapport\u00e9 des pillages et des \u00e9meutes. Des manifestations et des violences ont \u00e9galement \u00e9t\u00e9 signal\u00e9s, selon des images sur les r\u00e9seaux sociaux, dans la ville c\u00f4ti\u00e8re de Benguela, \u00e0 environ 600 kilom\u00e8tres au sud de Luanda, o\u00f9 la police a \u00e9t\u00e9 d\u00e9ploy\u00e9e.\u00a0<\/p>\n<p>L&rsquo;association ANATA, repr\u00e9sentant les chauffeurs de taxi, a pris ses distances avec les violences, mais a confirm\u00e9 la poursuite de la gr\u00e8ve d\u00e9cr\u00e9t\u00e9e pour trois jours.<\/p>\n<p>Le gouvernement s&rsquo;est justifi\u00e9 en affirmant que la baisse des subventions aux carburants devait permettre de financer la sant\u00e9 et l\u2019\u00e9ducation, selon les recommandations du Fonds mon\u00e9taire international.<\/p>\n<p>Dans un communiqu\u00e9 publi\u00e9 mercredi, les partis d&rsquo;opposition Unita et Bloco Democr\u00e1tico ont d\u00e9clar\u00e9 que le pays traversait une \u00ab\u00a0grave crise \u00e9conomique et sociale\u00a0\u00bb, due \u00e0 des politiques \u00ab\u00a0d\u00e9connect\u00e9es de la r\u00e9alit\u00e9 du pays\u00a0\u00bb.<\/p>\n<p>Des ONG, dont <a href=\"https:\/\/www.france24.com\/fr\/tag\/amnesty-international\/\" target=\"_self\" class=\"gtm-add-suggested-tag\" rel=\"nofollow noopener\">Amnesty International<\/a>, ont accus\u00e9 la police d&rsquo;avoir utilis\u00e9 une force excessive contre les manifestants. <a href=\"https:\/\/www.france24.com\/fr\/\u00e9missions\/billet-retour\/20220506-angola-le-lourd-h\u00e9ritage-de-la-guerre-civile\" target=\"_self\" rel=\"nofollow noopener\">L&rsquo;Angola\u00a0a connu une guerre civile de 1975 \u00e0 2002<\/a>.<\/p>\n<p>Avec AFP<\/p>\n","protected":false},"excerpt":{"rendered":"Vingt-deux personnes ont \u00e9t\u00e9 tu\u00e9es en Angola\u00a0depuis lundi 28 juillet dans de violentes manifestations pour protester contre la&hellip;\n","protected":false},"author":2,"featured_media":4769,"comment_status":"","ping_status":"","sticky":false,"template":"","format":"standard","meta":{"footnotes":""},"categories":[143],"tags":[6,237,3121,3122,2781],"class_list":{"0":"post-4768","1":"post","2":"type-post","3":"status-publish","4":"format-standard","5":"has-post-thumbnail","7":"category-angola","8":"tag-afrique","9":"tag-angola","10":"tag-emeutes","11":"tag-hydrocarbure","12":"tag-manifestations"},"share_on_mastodon":{"url":"https:\/\/pubeurope.com\/@afrique\/116022879377627518","error":""},"_links":{"self":[{"href":"https:\/\/www.europesays.com\/afrique\/wp-json\/wp\/v2\/posts\/4768","targetHints":{"allow":["GET"]}}],"collection":[{"href":"https:\/\/www.europesays.com\/afrique\/wp-json\/wp\/v2\/posts"}],"about":[{"href":"https:\/\/www.europesays.com\/afrique\/wp-json\/wp\/v2\/types\/post"}],"author":[{"embeddable":true,"href":"https:\/\/www.europesays.com\/afrique\/wp-json\/wp\/v2\/users\/2"}],"replies":[{"embeddable":true,"href":"https:\/\/www.europesays.com\/afrique\/wp-json\/wp\/v2\/comments?post=4768"}],"version-history":[{"count":0,"href":"https:\/\/www.europesays.com\/afrique\/wp-json\/wp\/v2\/posts\/4768\/revisions"}],"wp:featuredmedia":[{"embeddable":true,"href":"https:\/\/www.europesays.com\/afrique\/wp-json\/wp\/v2\/media\/4769"}],"wp:attachment":[{"href":"https:\/\/www.europesays.com\/afrique\/wp-json\/wp\/v2\/media?parent=4768"}],"wp:term":[{"taxonomy":"category","embeddable":true,"href":"https:\/\/www.europesays.com\/afrique\/wp-json\/wp\/v2\/categories?post=4768"},{"taxonomy":"post_tag","embeddable":true,"href":"https:\/\/www.europesays.com\/afrique\/wp-json\/wp\/v2\/tags?post=4768"}],"curies":[{"name":"wp","href":"https:\/\/api.w.org\/{rel}","templated":true}]}}