{"id":48962,"date":"2026-03-19T21:10:22","date_gmt":"2026-03-19T21:10:22","guid":{"rendered":"https:\/\/www.europesays.com\/afrique\/48962\/"},"modified":"2026-03-19T21:10:22","modified_gmt":"2026-03-19T21:10:22","slug":"wayne-rooney-suscite-la-polemique-en-qualifiant-la-coupe-du-monde-2010-en-afrique-du-sud-de-pire-coupe-du-monde-apres-lechec-cuisant-de-langleterre-lors-de-cette-competition","status":"publish","type":"post","link":"https:\/\/www.europesays.com\/afrique\/48962\/","title":{"rendered":"Wayne Rooney suscite la pol\u00e9mique en qualifiant la Coupe du monde 2010 en Afrique du Sud de \u00ab pire \u00bb Coupe du monde apr\u00e8s l&rsquo;\u00e9chec cuisant de l&rsquo;Angleterre lors de cette comp\u00e9tition"},"content":{"rendered":"<p>La campagne des Three Lions s&rsquo;est finalement sold\u00e9e par une humiliation en huiti\u00e8mes de finale, o\u00f9 ils ont subi une d\u00e9faite \u00e9crasante 4-1 face \u00e0 l&rsquo;Allemagne. Pour Rooney, la combinaison d&rsquo;une mauvaise performance collective, d&rsquo;une disette personnelle devant le but et d&rsquo;une ambiance per\u00e7ue comme d\u00e9connect\u00e9e a laiss\u00e9 une empreinte n\u00e9gative durable dans son souvenir de cet \u00e9v\u00e9nement.<\/p>\n<p>Cependant, son \u00e9tiquette de \u00ab pire \u00e9dition de tous les temps \u00bb contraste fortement avec le sentiment officiel et l&rsquo;opinion publique de nombreux observateurs internationaux. L&rsquo;ancien pr\u00e9sident de la FIFA, Sepp Blatter, a notamment salu\u00e9 l&rsquo;\u00e9dition 2010 comme la \u00ab meilleure Coupe du monde de tous les temps \u00bb, louant son organisation et son importance culturelle en tant que jalon pour le continent africain.<\/p>\n","protected":false},"excerpt":{"rendered":"La campagne des Three Lions s&rsquo;est finalement sold\u00e9e par une humiliation en huiti\u00e8mes de finale, o\u00f9 ils ont&hellip;\n","protected":false},"author":2,"featured_media":48963,"comment_status":"","ping_status":"","sticky":false,"template":"","format":"standard","meta":{"footnotes":"","_share_on_mastodon":"0"},"categories":[123],"tags":[140,1449,295,19306,19305,247],"class_list":["post-48962","post","type-post","status-publish","format-standard","has-post-thumbnail","category-afrique-du-sud","tag-afrique-du-sud","tag-angleterre","tag-coupe-du-monde","tag-england","tag-w-rooney","tag-world-cup"],"share_on_mastodon":{"url":"https:\/\/pubeurope.com\/@afrique\/116257896744729377","error":""},"_links":{"self":[{"href":"https:\/\/www.europesays.com\/afrique\/wp-json\/wp\/v2\/posts\/48962","targetHints":{"allow":["GET"]}}],"collection":[{"href":"https:\/\/www.europesays.com\/afrique\/wp-json\/wp\/v2\/posts"}],"about":[{"href":"https:\/\/www.europesays.com\/afrique\/wp-json\/wp\/v2\/types\/post"}],"author":[{"embeddable":true,"href":"https:\/\/www.europesays.com\/afrique\/wp-json\/wp\/v2\/users\/2"}],"replies":[{"embeddable":true,"href":"https:\/\/www.europesays.com\/afrique\/wp-json\/wp\/v2\/comments?post=48962"}],"version-history":[{"count":0,"href":"https:\/\/www.europesays.com\/afrique\/wp-json\/wp\/v2\/posts\/48962\/revisions"}],"wp:featuredmedia":[{"embeddable":true,"href":"https:\/\/www.europesays.com\/afrique\/wp-json\/wp\/v2\/media\/48963"}],"wp:attachment":[{"href":"https:\/\/www.europesays.com\/afrique\/wp-json\/wp\/v2\/media?parent=48962"}],"wp:term":[{"taxonomy":"category","embeddable":true,"href":"https:\/\/www.europesays.com\/afrique\/wp-json\/wp\/v2\/categories?post=48962"},{"taxonomy":"post_tag","embeddable":true,"href":"https:\/\/www.europesays.com\/afrique\/wp-json\/wp\/v2\/tags?post=48962"}],"curies":[{"name":"wp","href":"https:\/\/api.w.org\/{rel}","templated":true}]}}