{"id":49048,"date":"2026-03-19T23:15:08","date_gmt":"2026-03-19T23:15:08","guid":{"rendered":"https:\/\/www.europesays.com\/afrique\/49048\/"},"modified":"2026-03-19T23:15:08","modified_gmt":"2026-03-19T23:15:08","slug":"selectionne-avec-lequipe-de-france-espoirs-et-le-senegal-mamadou-diakhon-a-choisi-de-representer-les-lions-de-la-teranga","status":"publish","type":"post","link":"https:\/\/www.europesays.com\/afrique\/49048\/","title":{"rendered":"S\u00e9lectionn\u00e9 avec l&rsquo;\u00e9quipe de France Espoirs et le S\u00e9n\u00e9gal, Mamadou Diakhon a choisi de repr\u00e9senter les Lions de la Teranga"},"content":{"rendered":"<p>La liste du S\u00e9n\u00e9gal<\/p>\n<p>Gardiens de but\u00a0: \u00c9douard Mendy (Al-Ahli, ARS), Mory Diaw (Le\u00a0Havre), Y\u00e9hvann Diouf (Nice).<br \/>D\u00e9fenseurs\u00a0: Kalidou Koulibaly (Al-Hilal, ARS), Moussa Niakhat\u00e9 (Lyon), El Hadji Malick Diouf (Burnley, ANG), Kr\u00e9pin Diatta (Monaco), Mamadou Sarr (Chelsea, ANG), Ismail Jakobs (Galatasaray, TUR), Antoine Mendy (Nice), Abdoulaye Seck (Maccabi Ha\u00effa, ISR), Nobel Mendy (Rayo Vallecano, ESP).<br \/>Milieux de terrain\u00a0: Idrissa Gana Gueye (Everton, ANG), Lamine Camara (Monaco), Habib Diarra (Sunderland, ANG), Pape Gueye (Villarreal, ESP), Pape Matar Sarr (Tottenham, ANG), Path\u00e9 Ciss (Rayo Vallecano, ESP).<br \/>Attaquants\u00a0: Nicolas Jackson (Bayern Munich, ALL), Isma\u00efla Sarr (Crystal Palace, ANG), Boulaye Dia (Lazio, ITA), Cherif Ndiaye (Samsunspor, TUR), Bamba Dieng (Lorient), Iliman Ndiaye (Everton), Habib Diallo (Metz), Ibrahim Mbaye (PSG), Mamadou Diakhon (Club Bruges, BEL), Assane Diao (C\u00f4me, ITA).<\/p>\n","protected":false},"excerpt":{"rendered":"La liste du S\u00e9n\u00e9gal Gardiens de but\u00a0: \u00c9douard Mendy (Al-Ahli, ARS), Mory Diaw (Le\u00a0Havre), Y\u00e9hvann Diouf (Nice).D\u00e9fenseurs\u00a0: Kalidou&hellip;\n","protected":false},"author":2,"featured_media":49049,"comment_status":"","ping_status":"","sticky":false,"template":"","format":"standard","meta":{"footnotes":"","_share_on_mastodon":"0"},"categories":[84],"tags":[16821,19324,19326,19327,308,453,19328,19325,17450,11,19323],"class_list":["post-49048","post","type-post","status-publish","format-standard","has-post-thumbnail","category-senegal","tag-actus-et-infos","tag-championnat-de-belgique","tag-club-bruges-fc-malines","tag-fc-bruges","tag-football","tag-france","tag-reims","tag-retour-30e-journe","tag-saison-2025-2026","tag-senegal","tag-timothee-thomas-collignon"],"share_on_mastodon":{"url":"https:\/\/pubeurope.com\/@afrique\/116258388298416453","error":""},"_links":{"self":[{"href":"https:\/\/www.europesays.com\/afrique\/wp-json\/wp\/v2\/posts\/49048","targetHints":{"allow":["GET"]}}],"collection":[{"href":"https:\/\/www.europesays.com\/afrique\/wp-json\/wp\/v2\/posts"}],"about":[{"href":"https:\/\/www.europesays.com\/afrique\/wp-json\/wp\/v2\/types\/post"}],"author":[{"embeddable":true,"href":"https:\/\/www.europesays.com\/afrique\/wp-json\/wp\/v2\/users\/2"}],"replies":[{"embeddable":true,"href":"https:\/\/www.europesays.com\/afrique\/wp-json\/wp\/v2\/comments?post=49048"}],"version-history":[{"count":0,"href":"https:\/\/www.europesays.com\/afrique\/wp-json\/wp\/v2\/posts\/49048\/revisions"}],"wp:featuredmedia":[{"embeddable":true,"href":"https:\/\/www.europesays.com\/afrique\/wp-json\/wp\/v2\/media\/49049"}],"wp:attachment":[{"href":"https:\/\/www.europesays.com\/afrique\/wp-json\/wp\/v2\/media?parent=49048"}],"wp:term":[{"taxonomy":"category","embeddable":true,"href":"https:\/\/www.europesays.com\/afrique\/wp-json\/wp\/v2\/categories?post=49048"},{"taxonomy":"post_tag","embeddable":true,"href":"https:\/\/www.europesays.com\/afrique\/wp-json\/wp\/v2\/tags?post=49048"}],"curies":[{"name":"wp","href":"https:\/\/api.w.org\/{rel}","templated":true}]}}