{"id":52265,"date":"2026-03-23T11:32:15","date_gmt":"2026-03-23T11:32:15","guid":{"rendered":"https:\/\/www.europesays.com\/afrique\/52265\/"},"modified":"2026-03-23T11:32:15","modified_gmt":"2026-03-23T11:32:15","slug":"telecoms-lartp-ouvre-une-consultation-publique-sur-la-fibre-optique-jusqua-labonne-fttx","status":"publish","type":"post","link":"https:\/\/www.europesays.com\/afrique\/52265\/","title":{"rendered":"T\u00e9l\u00e9coms : l\u2019ARTP ouvre une consultation publique sur la fibre optique jusqu\u2019\u00e0 l\u2019abonn\u00e9 (FTTx)"},"content":{"rendered":"<p class=\"p1\">L\u2019Autorit\u00e9 de R\u00e9gulation des T\u00e9l\u00e9communications et des Postes (ARTP)  annonce le lancement d\u2019une consultation publique portant sur le d\u00e9ploiement et la mutualisation des r\u00e9seaux d\u2019acc\u00e8s en fibre optique jusqu\u2019\u00e0 l\u2019abonn\u00e9 final (FTTx).<\/p>\n<p class=\"p1\">Cette initiative s\u2019inscrit dans le cadre d\u2019une \u00e9tude en cours visant \u00e0 d\u00e9finir les modalit\u00e9s op\u00e9rationnelles d\u2019extension de ces infrastructures num\u00e9riques, consid\u00e9r\u00e9es aujourd\u2019hui comme essentielles pour soutenir la transformation digitale du pays.<\/p>\n<p class=\"p1\">Les r\u00e9seaux FTTx, qui permettent d\u2019acheminer la fibre optique directement vers les foyers, les entreprises ou les administrations, repr\u00e9sentent un levier strat\u00e9gique pour am\u00e9liorer la qualit\u00e9 de la connectivit\u00e9 et r\u00e9pondre \u00e0 la demande croissante en services num\u00e9riques \u00e0 haut d\u00e9bit.<\/p>\n<p class=\"p1\">\u00c0 travers cette consultation, l\u2019ARTP ambitionne de recueillir les contributions des acteurs du secteur des communications \u00e9lectroniques sur plusieurs dimensions cl\u00e9s : les aspects techniques, \u00e9conomiques, juridiques et op\u00e9rationnels li\u00e9s au d\u00e9ploiement de la fibre. L\u2019objectif est de b\u00e2tir un cadre r\u00e9glementaire et op\u00e9rationnel plus efficace, favorisant notamment la mutualisation des infrastructures, un enjeu majeur pour r\u00e9duire les co\u00fbts et acc\u00e9l\u00e9rer la couverture du territoire.<\/p>\n<p class=\"p1\">En ouvrant ce dialogue avec l\u2019\u00e9cosyst\u00e8me, le r\u00e9gulateur entend s\u2019appuyer sur l\u2019expertise collective pour structurer un environnement propice au d\u00e9veloppement durable des r\u00e9seaux tr\u00e8s haut d\u00e9bit au S\u00e9n\u00e9gal.<\/p>\n<p class=\"p1\">Les contributions peuvent porter sur tout ou partie du <a href=\"https:\/\/artp.sn\/sites\/default\/files\/2026-03\/DOCUMENT%20DE%20CONSULTATION%20PUBLIQUE%20ETUDE%20FTTX%20MARS%202026_0.pdf\" rel=\"nofollow noopener\" target=\"_blank\">document soumis \u00e0 consultation.<\/a> Les parties prenantes int\u00e9ress\u00e9es ont jusqu\u2019au vendredi 10 avril 2026 \u00e0 17h00 (heure de Dakar) pour transmettre leurs observations par courrier \u00e9lectronique \u00e0 l\u2019adresse suivante : fttx@artp.sn.<\/p>\n<p>&#13;<br \/>\n\t\t\t\t Post Views: 6&#13;\n\t\t\t<\/p>\n","protected":false},"excerpt":{"rendered":"L\u2019Autorit\u00e9 de R\u00e9gulation des T\u00e9l\u00e9communications et des Postes (ARTP) annonce le lancement d\u2019une consultation publique portant sur le&hellip;\n","protected":false},"author":2,"featured_media":52266,"comment_status":"","ping_status":"","sticky":false,"template":"","format":"standard","meta":{"footnotes":"","_share_on_mastodon":"0"},"categories":[84],"tags":[20497,2428,11],"class_list":["post-52265","post","type-post","status-publish","format-standard","has-post-thumbnail","category-senegal","tag-artp","tag-fibre-optique","tag-senegal"],"share_on_mastodon":{"url":"https:\/\/pubeurope.com\/@afrique\/116278273188855615","error":""},"_links":{"self":[{"href":"https:\/\/www.europesays.com\/afrique\/wp-json\/wp\/v2\/posts\/52265","targetHints":{"allow":["GET"]}}],"collection":[{"href":"https:\/\/www.europesays.com\/afrique\/wp-json\/wp\/v2\/posts"}],"about":[{"href":"https:\/\/www.europesays.com\/afrique\/wp-json\/wp\/v2\/types\/post"}],"author":[{"embeddable":true,"href":"https:\/\/www.europesays.com\/afrique\/wp-json\/wp\/v2\/users\/2"}],"replies":[{"embeddable":true,"href":"https:\/\/www.europesays.com\/afrique\/wp-json\/wp\/v2\/comments?post=52265"}],"version-history":[{"count":0,"href":"https:\/\/www.europesays.com\/afrique\/wp-json\/wp\/v2\/posts\/52265\/revisions"}],"wp:featuredmedia":[{"embeddable":true,"href":"https:\/\/www.europesays.com\/afrique\/wp-json\/wp\/v2\/media\/52266"}],"wp:attachment":[{"href":"https:\/\/www.europesays.com\/afrique\/wp-json\/wp\/v2\/media?parent=52265"}],"wp:term":[{"taxonomy":"category","embeddable":true,"href":"https:\/\/www.europesays.com\/afrique\/wp-json\/wp\/v2\/categories?post=52265"},{"taxonomy":"post_tag","embeddable":true,"href":"https:\/\/www.europesays.com\/afrique\/wp-json\/wp\/v2\/tags?post=52265"}],"curies":[{"name":"wp","href":"https:\/\/api.w.org\/{rel}","templated":true}]}}