{"id":53537,"date":"2026-03-24T13:58:07","date_gmt":"2026-03-24T13:58:07","guid":{"rendered":"https:\/\/www.europesays.com\/afrique\/53537\/"},"modified":"2026-03-24T13:58:07","modified_gmt":"2026-03-24T13:58:07","slug":"affaire-des-passeports-proces-reporte-pour-hamadi-jebali-et-plusieurs-accuses","status":"publish","type":"post","link":"https:\/\/www.europesays.com\/afrique\/53537\/","title":{"rendered":"Affaire des passeports\u00a0: Proc\u00e8s report\u00e9 pour Hamadi Jebali et plusieurs accus\u00e9s"},"content":{"rendered":"<p>La chambre criminelle sp\u00e9cialis\u00e9e dans les affaires de terrorisme pr\u00e8s le tribunal de premi\u00e8re instance de Tunis a d\u00e9cid\u00e9, ce mardi 24 mars, de reporter l\u2019examen de l\u2019affaire li\u00e9e \u00e0 la falsification de passeports et \u00e0 l\u2019octroi frauduleux de la nationalit\u00e9 tunisienne \u00e0 des \u00e9trangers. L\u2019audience est renvoy\u00e9e au 5 mai prochain, \u00e0 la demande de la d\u00e9fense. Plusieurs figures politiques et s\u00e9curitaires sont concern\u00e9es par ce dossier sensible.<\/p>\n<p>L\u2019affaire porte sur des soup\u00e7ons d\u2019\u00e9tablissement frauduleux de passeports tunisiens et de documents de nationalit\u00e9, qui auraient \u00e9t\u00e9 d\u00e9livr\u00e9s \u00e0 des \u00e9trangers, certains \u00e9tant recherch\u00e9s dans des affaires li\u00e9es au terrorisme.<\/p>\n<p>Parmi les accus\u00e9s figure l\u2019ancien chef du gouvernement Hamadi Jebali, qui a comparu libre, aux c\u00f4t\u00e9s de quatre autres pr\u00e9venus dans la m\u00eame situation.<\/p>\n<p>Absences et refus de compara\u00eetre<\/p>\n<p>En revanche, l\u2019ancien ministre de la Justice et dirigeant d\u2019Ennahdha, Noureddine Bhiri, n\u2019a pas \u00e9t\u00e9 pr\u00e9sent\u00e9 \u00e0 l\u2019audience, ayant refus\u00e9 de compara\u00eetre, selon les indications du tribunal.<\/p>\n<p>Un ancien cadre s\u00e9curitaire, Fethi Baldi, \u00e9tait \u00e9galement absent. Le tribunal a par ailleurs signal\u00e9 que plusieurs accus\u00e9s sont en fuite, dont Mouadh Ghannouchi, ainsi que d\u2019autres personnes, dont des ressortissants \u00e9trangers.<\/p>\n<p>Renvoi pour pr\u00e9parer la d\u00e9fense<\/p>\n<p>Le report de l\u2019audience au 5 mai intervient \u00e0 la demande du collectif de d\u00e9fense, dans un dossier complexe impliquant plusieurs pr\u00e9venus, aux statuts judiciaires diff\u00e9rents : certains en d\u00e9tention, d\u2019autres en libert\u00e9, et plusieurs en fuite.<\/p>\n<p>En amont, la chambre d\u2019accusation sp\u00e9cialis\u00e9e dans les affaires de terrorisme pr\u00e8s la cour d\u2019appel avait d\u00e9cid\u00e9 de renvoyer les accus\u00e9s devant la justice, notamment Noureddine Bhiri et un ancien cadre s\u00e9curitaire en \u00e9tat d\u2019arrestation.<\/p>\n","protected":false},"excerpt":{"rendered":"La chambre criminelle sp\u00e9cialis\u00e9e dans les affaires de terrorisme pr\u00e8s le tribunal de premi\u00e8re instance de Tunis a&hellip;\n","protected":false},"author":2,"featured_media":53538,"comment_status":"","ping_status":"","sticky":false,"template":"","format":"standard","meta":{"footnotes":"","_share_on_mastodon":"0"},"categories":[120],"tags":[21044,21045,441,12459,124],"class_list":["post-53537","post","type-post","status-publish","format-standard","has-post-thumbnail","category-tunisie","tag-faux-passeports","tag-hamadi-jebali","tag-justice","tag-noureddine-bhiri","tag-tunisie"],"share_on_mastodon":{"url":"https:\/\/pubeurope.com\/@afrique\/116284509662891143","error":""},"_links":{"self":[{"href":"https:\/\/www.europesays.com\/afrique\/wp-json\/wp\/v2\/posts\/53537","targetHints":{"allow":["GET"]}}],"collection":[{"href":"https:\/\/www.europesays.com\/afrique\/wp-json\/wp\/v2\/posts"}],"about":[{"href":"https:\/\/www.europesays.com\/afrique\/wp-json\/wp\/v2\/types\/post"}],"author":[{"embeddable":true,"href":"https:\/\/www.europesays.com\/afrique\/wp-json\/wp\/v2\/users\/2"}],"replies":[{"embeddable":true,"href":"https:\/\/www.europesays.com\/afrique\/wp-json\/wp\/v2\/comments?post=53537"}],"version-history":[{"count":0,"href":"https:\/\/www.europesays.com\/afrique\/wp-json\/wp\/v2\/posts\/53537\/revisions"}],"wp:featuredmedia":[{"embeddable":true,"href":"https:\/\/www.europesays.com\/afrique\/wp-json\/wp\/v2\/media\/53538"}],"wp:attachment":[{"href":"https:\/\/www.europesays.com\/afrique\/wp-json\/wp\/v2\/media?parent=53537"}],"wp:term":[{"taxonomy":"category","embeddable":true,"href":"https:\/\/www.europesays.com\/afrique\/wp-json\/wp\/v2\/categories?post=53537"},{"taxonomy":"post_tag","embeddable":true,"href":"https:\/\/www.europesays.com\/afrique\/wp-json\/wp\/v2\/tags?post=53537"}],"curies":[{"name":"wp","href":"https:\/\/api.w.org\/{rel}","templated":true}]}}