{"id":59549,"date":"2026-03-29T20:28:39","date_gmt":"2026-03-29T20:28:39","guid":{"rendered":"https:\/\/www.europesays.com\/afrique\/59549\/"},"modified":"2026-03-29T20:28:39","modified_gmt":"2026-03-29T20:28:39","slug":"attaques-terroristes-en-europe-lombre-de-liran-journal-de-20-heures","status":"publish","type":"post","link":"https:\/\/www.europesays.com\/afrique\/59549\/","title":{"rendered":"Attaques terroristes en Europe : l&rsquo;ombre de l&rsquo;Iran ? &#8211; Journal de 20 heures"},"content":{"rendered":"<p class=\"default-2\">Le ministre de l&rsquo;Int\u00e9rieur, Laurent Nu\u00f1ez, n&rsquo;a pas tard\u00e9 \u00e0 faire le lien avec la guerre en Iran apr\u00e8s le d\u00e9p\u00f4t d&rsquo;un engin incendiaire artisanal devant la Bank of America. Le parquet antiterroriste s&rsquo;est saisi de l&rsquo;affaire. Le mode op\u00e9ratoire de cette tentative d&rsquo;attentat ressemble \u00e0 plusieurs actes r\u00e9cemment revendiqu\u00e9s en Europe par un groupuscule proche des Gardiens de la R\u00e9volution. Trois jeunes hommes ont \u00e9t\u00e9 arr\u00eat\u00e9s, dont les deux auteurs pr\u00e9sum\u00e9s de cette op\u00e9ration.<\/p>\n<p>TF1 | Reportage E. LEFEBVRE, G. CHIEZE, E. ASSALIT\n<\/p>\n<p>Journal t\u00e9l\u00e9vis\u00e9, Actualit\u00e92m14<\/p>\n<p>Publi\u00e9 le 29 mars 2026 \u00e0 19:57<\/p>\n","protected":false},"excerpt":{"rendered":"Le ministre de l&rsquo;Int\u00e9rieur, Laurent Nu\u00f1ez, n&rsquo;a pas tard\u00e9 \u00e0 faire le lien avec la guerre en Iran&hellip;\n","protected":false},"author":2,"featured_media":59550,"comment_status":"","ping_status":"","sticky":false,"template":"","format":"standard","meta":{"footnotes":"","_share_on_mastodon":"0"},"categories":[2],"tags":[18,1668,22737,22738,1669,22735,22739,22740,22747,22751,22736,22748,22752,22744,22743,22749,22750,22745,22746,22741,22742],"class_list":["post-59549","post","type-post","status-publish","format-standard","has-post-thumbnail","category-europe","tag-europe","tag-extrait","tag-extrait-journal-de-20-heures","tag-extrait-journal-de-20-heures-tf1","tag-extrait-tf1","tag-journal-de-20-heures","tag-journal-de-20-heures-extrait","tag-journal-de-20-heures-extrait-tf1","tag-journal-de-20-heures-streaming","tag-journal-de-20-heures-streaming-gratuit","tag-journal-de-20-heures-tf1","tag-journal-de-20-heures-tf1-streaming","tag-journal-de-20-heures-tf1-streaming-gratuit","tag-journal-de-20-heures-tf1-video","tag-journal-de-20-heures-video","tag-streaming-gratuit-journal-de-20-heures","tag-streaming-gratuit-journal-de-20-heures-tf1","tag-streaming-journal-de-20-heures","tag-streaming-journal-de-20-heures-tf1","tag-video-journal-de-20-heures","tag-video-journal-de-20-heures-tf1"],"share_on_mastodon":{"url":"","error":"Validation failed: Text character limit of 500 exceeded"},"_links":{"self":[{"href":"https:\/\/www.europesays.com\/afrique\/wp-json\/wp\/v2\/posts\/59549","targetHints":{"allow":["GET"]}}],"collection":[{"href":"https:\/\/www.europesays.com\/afrique\/wp-json\/wp\/v2\/posts"}],"about":[{"href":"https:\/\/www.europesays.com\/afrique\/wp-json\/wp\/v2\/types\/post"}],"author":[{"embeddable":true,"href":"https:\/\/www.europesays.com\/afrique\/wp-json\/wp\/v2\/users\/2"}],"replies":[{"embeddable":true,"href":"https:\/\/www.europesays.com\/afrique\/wp-json\/wp\/v2\/comments?post=59549"}],"version-history":[{"count":0,"href":"https:\/\/www.europesays.com\/afrique\/wp-json\/wp\/v2\/posts\/59549\/revisions"}],"wp:featuredmedia":[{"embeddable":true,"href":"https:\/\/www.europesays.com\/afrique\/wp-json\/wp\/v2\/media\/59550"}],"wp:attachment":[{"href":"https:\/\/www.europesays.com\/afrique\/wp-json\/wp\/v2\/media?parent=59549"}],"wp:term":[{"taxonomy":"category","embeddable":true,"href":"https:\/\/www.europesays.com\/afrique\/wp-json\/wp\/v2\/categories?post=59549"},{"taxonomy":"post_tag","embeddable":true,"href":"https:\/\/www.europesays.com\/afrique\/wp-json\/wp\/v2\/tags?post=59549"}],"curies":[{"name":"wp","href":"https:\/\/api.w.org\/{rel}","templated":true}]}}