{"id":60064,"date":"2026-03-30T10:30:09","date_gmt":"2026-03-30T10:30:09","guid":{"rendered":"https:\/\/www.europesays.com\/afrique\/60064\/"},"modified":"2026-03-30T10:30:09","modified_gmt":"2026-03-30T10:30:09","slug":"finale-caf-amendements-annonces-apres-senegal-maroc","status":"publish","type":"post","link":"https:\/\/www.europesays.com\/afrique\/60064\/","title":{"rendered":"Finale CAF : amendements annonc\u00e9s apr\u00e8s S\u00e9n\u00e9gal\u2011Maroc"},"content":{"rendered":"<p data-start=\"411\" data-end=\"624\">Apr\u00e8s l\u2019exhibition du troph\u00e9e de la CAN 2025 par le S\u00e9n\u00e9gal au Stade de France bien que d\u00e9chu du titre, la Conf\u00e9d\u00e9ration africaine de football (CAF) s\u2019est engag\u00e9e \u00e0 adopter des amendements aux statuts de la CAF.<\/p>\n<p>D\u00e9cision de la CAF et r\u00f4le du TAS<\/p>\n<p data-start=\"626\" data-end=\"995\">Cette d\u00e9cision intervient afin d\u2019\u00e9viter la r\u00e9p\u00e9tition des incidents ayant \u00e9maill\u00e9 la finale de la derni\u00e8re \u00e9dition de la CAN. Le pr\u00e9sident de la Conf\u00e9d\u00e9ration africaine de football (CAF), Patrice Motsepe, a affirm\u00e9, dimanche 29 mars au Caire, que l\u2019instance respecte la d\u00e9cision de sa commission d\u2019appel concernant les incidents ayant marqu\u00e9 la finale de la CAN 2025.<\/p>\n<p data-start=\"997\" data-end=\"1720\">\u201cEn tant que pr\u00e9sident de la CAF, je respecte la d\u00e9cision rendue par la commission d\u2019appel\u201d, a soulign\u00e9 M. Motsepe lors d\u2019une conf\u00e9rence de presse \u00e0 l\u2019issue des travaux du comit\u00e9 ex\u00e9cutif de la CAF.<\/p>\n<p data-start=\"1722\" data-end=\"1860\">&gt;&gt; A lire aussi :\u00a0<a style=\"color: #ff6600; text-decoration: underline;\" href=\"https:\/\/www.lecourrierdelatlas.com\/can-2025-le-maroc-est-sacre-tout-simplement\/\" target=\"_blank\" rel=\"noopener nofollow\">CAN 2025 : Le Maroc est sacr\u00e9, tout simplement<\/a><\/p>\n<p data-start=\"997\" data-end=\"1720\">Il a, par ailleurs, indiqu\u00e9 que le dossier relatif \u00e0 la finale de la CAN 2025 entre le Maroc et le S\u00e9n\u00e9gal est d\u00e9sormais entre les mains du Tribunal arbitral du sport (TAS), soulignant que la CAF ne fera aucun commentaire suppl\u00e9mentaire dans l\u2019attente de la sentence finale.<\/p>\n<p data-start=\"997\" data-end=\"1720\">M. Motsepe a insist\u00e9, dans ce sens, sur le fait que le respect des d\u00e9cisions du TAS constitue un principe fondamental de la gouvernance au sein de la CAF, affirmant que l\u2019instance poursuivra ses activit\u00e9s ordinaires jusqu\u2019\u00e0 la d\u00e9cision d\u00e9finitive.<\/p>\n<p data-start=\"1722\" data-end=\"1860\">De m\u00eame, le pr\u00e9sident de la CAF a r\u00e9affirm\u00e9 son engagement \u00e0 traiter les 54 associations membres sur le m\u00eame pied d\u2019\u00e9galit\u00e9 et d\u2019\u00e9quit\u00e9.<\/p>\n<p data-start=\"2434\" data-end=\"2768\">&gt;&gt; A lire aussi :\u00a0<a style=\"color: #ff6600; text-decoration: underline;\" href=\"https:\/\/www.lecourrierdelatlas.com\/can-2025-maroc-triomphe-strategique-football-diplomatie\/\" target=\"_blank\" rel=\"noopener nofollow\">CAN 2025 Maroc : Du sacre final sur tapis vert au triomphe strat\u00e9gique du Maroc<\/a><\/p>\n<p>Amendements et r\u00e9formes annonc\u00e9s<\/p>\n<p data-start=\"1916\" data-end=\"2207\">Il a \u00e9galement annonc\u00e9 l\u2019adoption d\u2019amendements aux statuts de la CAF afin d\u2019\u00e9viter la r\u00e9p\u00e9tition des incidents ayant \u00e9maill\u00e9 la finale de la derni\u00e8re \u00e9dition de la CAN, pr\u00e9cisant que des r\u00e9formes profondes seront introduites, notamment en mati\u00e8re d\u2019organisation des matchs et d\u2019arbitrage.<\/p>\n<p data-start=\"2209\" data-end=\"2432\">Ces modifications, a-t-il ajout\u00e9, visent \u00e0 renforcer la confiance envers les arbitres, les op\u00e9rateurs de l\u2019assistance vid\u00e9o \u00e0 l\u2019arbitrage (VAR), les commissaires de match ainsi que les instances disciplinaires et d\u2019appel.<\/p>\n<p data-start=\"2434\" data-end=\"2768\">La CAF a indiqu\u00e9, dans un <a href=\"https:\/\/www.cafonline.com\/fr\/infos\/la-caf-engage-des-reformes-de-ses-statuts-et-reglements-afin-de-renforcer-la-confiance-envers-l-arbitrage-la-var-et-ses-instances-juridictionnelles\/\" target=\"_blank\" rel=\"noopener nofollow\">communiqu\u00e9 publi\u00e9 dimanche 29 mars<\/a>, qu\u2019elle proc\u00e8de \u00e0 des changements et am\u00e9liorations de ses statuts et r\u00e8glements pour renforcer la confiance dans ses arbitres, op\u00e9rateurs VAR et organes judiciaires, tout en garantissant que les incidents survenus lors de la finale de la CAN 2025 ne se reproduisent pas.<\/p>\n<p data-start=\"2434\" data-end=\"2768\">&gt;&gt; A lire aussi :\u00a0<a style=\"color: #ff6600; text-decoration: underline;\" href=\"https:\/\/www.lecourrierdelatlas.com\/le-maroc-remporte-la-can-2025-apres-un-revirement-spectaculaire\/\" target=\"_blank\" rel=\"noopener nofollow\">Le Maroc remporte la CAN 2025 apr\u00e8s un revirement spectaculaire<\/a><\/p>\n","protected":false},"excerpt":{"rendered":"Apr\u00e8s l\u2019exhibition du troph\u00e9e de la CAN 2025 par le S\u00e9n\u00e9gal au Stade de France bien que d\u00e9chu&hellip;\n","protected":false},"author":2,"featured_media":60065,"comment_status":"","ping_status":"","sticky":false,"template":"","format":"standard","meta":{"footnotes":"","_share_on_mastodon":"0"},"categories":[84],"tags":[446,20628,4686,5144,11],"class_list":["post-60064","post","type-post","status-publish","format-standard","has-post-thumbnail","category-senegal","tag-caf","tag-finale-can-2025","tag-football-africain","tag-patrice-motsepe","tag-senegal"],"share_on_mastodon":{"url":"https:\/\/pubeurope.com\/@afrique\/116317665634606314","error":""},"_links":{"self":[{"href":"https:\/\/www.europesays.com\/afrique\/wp-json\/wp\/v2\/posts\/60064","targetHints":{"allow":["GET"]}}],"collection":[{"href":"https:\/\/www.europesays.com\/afrique\/wp-json\/wp\/v2\/posts"}],"about":[{"href":"https:\/\/www.europesays.com\/afrique\/wp-json\/wp\/v2\/types\/post"}],"author":[{"embeddable":true,"href":"https:\/\/www.europesays.com\/afrique\/wp-json\/wp\/v2\/users\/2"}],"replies":[{"embeddable":true,"href":"https:\/\/www.europesays.com\/afrique\/wp-json\/wp\/v2\/comments?post=60064"}],"version-history":[{"count":0,"href":"https:\/\/www.europesays.com\/afrique\/wp-json\/wp\/v2\/posts\/60064\/revisions"}],"wp:featuredmedia":[{"embeddable":true,"href":"https:\/\/www.europesays.com\/afrique\/wp-json\/wp\/v2\/media\/60065"}],"wp:attachment":[{"href":"https:\/\/www.europesays.com\/afrique\/wp-json\/wp\/v2\/media?parent=60064"}],"wp:term":[{"taxonomy":"category","embeddable":true,"href":"https:\/\/www.europesays.com\/afrique\/wp-json\/wp\/v2\/categories?post=60064"},{"taxonomy":"post_tag","embeddable":true,"href":"https:\/\/www.europesays.com\/afrique\/wp-json\/wp\/v2\/tags?post=60064"}],"curies":[{"name":"wp","href":"https:\/\/api.w.org\/{rel}","templated":true}]}}