{"id":60706,"date":"2026-03-30T19:42:10","date_gmt":"2026-03-30T19:42:10","guid":{"rendered":"https:\/\/www.europesays.com\/afrique\/60706\/"},"modified":"2026-03-30T19:42:10","modified_gmt":"2026-03-30T19:42:10","slug":"cote-divoire-les-compos-probables-avant-le-choc","status":"publish","type":"post","link":"https:\/\/www.europesays.com\/afrique\/60706\/","title":{"rendered":"C\u00f4te d&rsquo;Ivoire : les compos probables avant le choc"},"content":{"rendered":"<p>Le Hill Dickinson Stadium s\u2019appr\u00eate \u00e0 vibrer ce mardi 31 mars 2026 pour une affiche aussi rare qu\u2019all\u00e9chante entre l\u2019\u00c9cosse et la C\u00f4te d\u2019Ivoire. Devant plus de 50 000 spectateurs, ces deux nations d\u00e9j\u00e0 qualifi\u00e9es pour la Coupe du Monde 2026 s\u2019offrent un ultime galop d\u2019essai avant le grand rendez-vous nord-am\u00e9ricain.<\/p>\n<p>Un duel intercontinental au parfum particulier, tant les dynamiques r\u00e9centes des deux s\u00e9lections contrastent, promettant une opposition aussi intrigante qu\u2019intense. En <a href=\"https:\/\/africafoot.com\/tag\/avant-match\/\" data-wpel-link=\"internal\" rel=\"nofollow noopener\" target=\"_blank\">avant-match<\/a>,\u00a0Africafoot\u00a0examine les formations probables pour ce face-\u00e0-face.<\/p>\n<p>\u00c9cosse<\/p>\n<p>Apr\u00e8s une prestation d\u00e9cevante marqu\u00e9e par une d\u00e9faite 1-0 face au Japon, l\u2019\u00c9cosse pourrait afficher un visage sensiblement diff\u00e9rent. Le s\u00e9lectionneur Steve Clarke devrait proc\u00e9der \u00e0 plusieurs ajustements dans son onze de d\u00e9part afin de relancer la dynamique et d\u2019apporter davantage de fra\u00eecheur.<\/p>\n<p>Des joueurs comme Ryan Christie, Kieran Tierney, Billy Gilmour, Anthony Ralston, Che Adams et John Souttar sont pressentis pour d\u00e9buter, apportant \u00e0 la fois exp\u00e9rience et \u00e9nergie dans des secteurs cl\u00e9s.<\/p>\n<p><a href=\"https:\/\/africafoot.com\/ecosse-cote-divoire-heure-chaine-et-ou-regarder-le-match\/\" data-wpel-link=\"internal\" rel=\"nofollow noopener\" target=\"_blank\">Ecosse \u2013 C\u00f4te d\u2019Ivoire : heure, cha\u00eene et o\u00f9 regarder le match<\/a><br \/>\nLe XI probable de l\u2019\u00c9cosse<\/p>\n<p>Gardien : Angus Gunn<\/p>\n<p>D\u00e9fenseurs : John Souttar, Jack Hendry, Kieran Tierney, Anthony Ralston<\/p>\n<p>Milieux : Billy Gilmour, Scott McTominay \u2013 Lennon Miller, John McGinn, Tommy Conway<\/p>\n<p>Attaquant : George Hirst<\/p>\n<p>C\u00f4te d\u2019Ivoire<\/p>\n<p>Du c\u00f4t\u00e9 de la C\u00f4te d\u2019Ivoire, malgr\u00e9 une victoire convaincante 4-0 lors de la derni\u00e8re sortie, <a href=\"https:\/\/africafoot.com\/tag\/emerse-fae\/\" data-wpel-link=\"internal\" rel=\"nofollow noopener\" target=\"_blank\">Emerse Fa\u00e9<\/a> pourrait \u00e9galement opter pour une rotation de son effectif. L\u2019objectif est de donner du temps de jeu \u00e0 l\u2019ensemble du groupe \u00e0 l\u2019approche des prochaines \u00e9ch\u00e9ances internationales, notamment les s\u00e9lections pour la Coupe du monde.<\/p>\n<p>Ainsi, des \u00e9l\u00e9ments importants comme Odilon Kossounou, Franck Kessi\u00e9 et Elye Wahi, rest\u00e9s sur le banc lors du pr\u00e9c\u00e9dent match, pourraient \u00eatre titularis\u00e9s et renforcer la comp\u00e9titivit\u00e9 de l\u2019\u00e9quipe.<\/p>\n<p>Le XI probable de la C\u00f4te d\u2019Ivoire<\/p>\n<p>Gardien : <a href=\"https:\/\/africafoot.com\/tag\/alban-lafont\/\" data-wpel-link=\"internal\" rel=\"nofollow noopener\" target=\"_blank\">Alban Lafont<\/a><\/p>\n<p>D\u00e9fenseurs : <a href=\"https:\/\/africafoot.com\/tag\/odilon-kossounou\/\" data-wpel-link=\"internal\" rel=\"nofollow noopener\" target=\"_blank\">Odilon Kossounou<\/a>, <a href=\"https:\/\/africafoot.com\/tag\/ousmane-diomande\/\" data-wpel-link=\"internal\" rel=\"nofollow noopener\" target=\"_blank\">Ousmane Diomand\u00e9<\/a>, <a href=\"https:\/\/africafoot.com\/tag\/wilfried-singo\/\" data-wpel-link=\"internal\" rel=\"nofollow noopener\" target=\"_blank\">Wilfried Singo<\/a>, <a href=\"https:\/\/africafoot.com\/tag\/ghislain-konan\/\" data-wpel-link=\"internal\" rel=\"nofollow noopener\" target=\"_blank\">Ghislain Konan<\/a><\/p>\n<p>Milieux : <a href=\"https:\/\/africafoot.com\/tag\/ibrahim-sangare\/\" data-wpel-link=\"internal\" rel=\"nofollow noopener\" target=\"_blank\">Ibrahim Sangar\u00e9<\/a>, <a href=\"https:\/\/africafoot.com\/tag\/christ-ravynel-inao-oulai\/\" data-wpel-link=\"internal\" rel=\"nofollow noopener\" target=\"_blank\">Christ Inao Oula\u00ef<\/a>, <a href=\"https:\/\/africafoot.com\/tag\/franck-kessie\/\" data-wpel-link=\"internal\" rel=\"nofollow noopener\" target=\"_blank\">Franck Kessi\u00e9<\/a><\/p>\n<p>Attaquants : <a href=\"https:\/\/africafoot.com\/tag\/bazoumana-toure\/\" data-wpel-link=\"internal\" rel=\"nofollow noopener\" target=\"_blank\">Bazoumana Tour\u00e9<\/a>, <a href=\"https:\/\/africafoot.com\/tag\/nicolas-pepe\/\" data-wpel-link=\"internal\" rel=\"nofollow noopener\" target=\"_blank\">Nicolas P\u00e9p\u00e9<\/a>, <a href=\"https:\/\/africafoot.com\/tag\/elye-wahi\/\" data-wpel-link=\"internal\" rel=\"nofollow noopener\" target=\"_blank\">Elye Wahi<\/a><\/p>\n<p>Tr\u00e8s bient\u00f4t, la C\u00f4te d\u2019Ivoire disputera son match amical face \u00e0 l\u2019\u00c9cosse. La soci\u00e9t\u00e9 de paris 1xbet (vous pouvez\u00a0<a href=\"https:\/\/africafoot.com\/telecharger-1xbet\/\" data-wpel-link=\"internal\" rel=\"nofollow noopener\" target=\"_blank\">t\u00e9l\u00e9charger 1xbet\u00a0<\/a>ici) propose les cotes suivantes pour ce match \u2013 La C\u00f4te d\u2019Ivoire gagne \u00e0 2,05, un match nul est \u00e9valu\u00e9 \u00e0 3,15 et l\u2019\u00c9cosse gagne \u00e0 3,35.<\/p>\n","protected":false},"excerpt":{"rendered":"Le Hill Dickinson Stadium s\u2019appr\u00eate \u00e0 vibrer ce mardi 31 mars 2026 pour une affiche aussi rare qu\u2019all\u00e9chante&hellip;\n","protected":false},"author":2,"featured_media":60707,"comment_status":"","ping_status":"","sticky":false,"template":"","format":"standard","meta":{"footnotes":"","_share_on_mastodon":"0"},"categories":[154],"tags":[23098,21451,8966,23099,216,16462,11506,6396,23100,23101,11507,23102,23103,23104,16081],"class_list":["post-60706","post","type-post","status-publish","format-standard","has-post-thumbnail","category-cote-divoire","tag-alban-lafont","tag-avant-match","tag-bazoumana-toure","tag-christ-ravynel-inao-oulai","tag-cote-divoire","tag-elye-wahi","tag-emerse-fae","tag-franck-kessie","tag-ghislain-konan","tag-ibrahim-sangare","tag-nicolas-pepe","tag-odilon-kossounou","tag-ousmane-diomande","tag-wilfried-singo","tag--cote-divoire"],"share_on_mastodon":{"url":"https:\/\/pubeurope.com\/@afrique\/116319836247727810","error":""},"_links":{"self":[{"href":"https:\/\/www.europesays.com\/afrique\/wp-json\/wp\/v2\/posts\/60706","targetHints":{"allow":["GET"]}}],"collection":[{"href":"https:\/\/www.europesays.com\/afrique\/wp-json\/wp\/v2\/posts"}],"about":[{"href":"https:\/\/www.europesays.com\/afrique\/wp-json\/wp\/v2\/types\/post"}],"author":[{"embeddable":true,"href":"https:\/\/www.europesays.com\/afrique\/wp-json\/wp\/v2\/users\/2"}],"replies":[{"embeddable":true,"href":"https:\/\/www.europesays.com\/afrique\/wp-json\/wp\/v2\/comments?post=60706"}],"version-history":[{"count":0,"href":"https:\/\/www.europesays.com\/afrique\/wp-json\/wp\/v2\/posts\/60706\/revisions"}],"wp:featuredmedia":[{"embeddable":true,"href":"https:\/\/www.europesays.com\/afrique\/wp-json\/wp\/v2\/media\/60707"}],"wp:attachment":[{"href":"https:\/\/www.europesays.com\/afrique\/wp-json\/wp\/v2\/media?parent=60706"}],"wp:term":[{"taxonomy":"category","embeddable":true,"href":"https:\/\/www.europesays.com\/afrique\/wp-json\/wp\/v2\/categories?post=60706"},{"taxonomy":"post_tag","embeddable":true,"href":"https:\/\/www.europesays.com\/afrique\/wp-json\/wp\/v2\/tags?post=60706"}],"curies":[{"name":"wp","href":"https:\/\/api.w.org\/{rel}","templated":true}]}}