{"id":60967,"date":"2026-03-31T00:00:09","date_gmt":"2026-03-31T00:00:09","guid":{"rendered":"https:\/\/www.europesays.com\/afrique\/60967\/"},"modified":"2026-03-31T00:00:09","modified_gmt":"2026-03-31T00:00:09","slug":"les-supporters-senegalais-doivent-attendre-le-13-avril","status":"publish","type":"post","link":"https:\/\/www.europesays.com\/afrique\/60967\/","title":{"rendered":"Les supporters s\u00e9n\u00e9galais doivent attendre le 13 avril !"},"content":{"rendered":"<p>                <img width=\"710\" height=\"399\" src=\"https:\/\/www.europesays.com\/afrique\/wp-content\/uploads\/2026\/03\/Les-supporters-du-Senegal-lors-de-la-finale-de-la-CAN-remportee-contre-le-Maroc-1-0-a-p-le-18-janvie.webp\" class=\"attachment-large size-large wp-post-image\" alt=\"Le proc\u00e8s en appel des supporters s\u00e9n\u00e9galais d\u00e9tenus depuis la finale de la CAN 2025 est report\u00e9\" decoding=\"async\" fetchpriority=\"high\"  \/>            <\/p>\n<p>Les dix-huit supporters s\u00e9n\u00e9galais d\u00e9tenus au Maroc depuis la finale de la CAN 2025 doivent encore attendre. Leur proc\u00e8s en appel, initialement pr\u00e9vu pour ce lundi, a \u00e9t\u00e9 report\u00e9. Selon un communiqu\u00e9 des autorit\u00e9s s\u00e9n\u00e9galaises, c\u2019est sur demande d\u2019un des d\u00e9tenus, de nationalit\u00e9 franco-alg\u00e9rienne.<\/p>\n<p>Ils ont \u00e9t\u00e9 condamn\u00e9s \u00e0 des peines de prisons. Les dix-huit supporters s\u00e9n\u00e9galais sont accus\u00e9s de hooliganisme, lors de la finale de la CAN 2025. Suite \u00e0 des \u00e9v\u00e9nements, les supporters ont \u00e9t\u00e9 arr\u00eat\u00e9s. Jug\u00e9s en premi\u00e8re instance, ils doivent purger des peines de prison. Mais le pool d\u2019avocats qui les d\u00e9fend a interjet\u00e9 appel. Selon le Secr\u00e9tariat d\u2019Etat en charge des relations ext\u00e9rieures, \u00ab\u00a0nos compatriotes continueront \u00e0 b\u00e9n\u00e9ficier de l\u2019assistance de leur pool d\u2019avocats, mais aussi de notre repr\u00e9sentation diplomatique et consulaire au Maroc\u00a0\u00bb.\u00a0Mais leur proc\u00e8s en appel a \u00e9t\u00e9 report\u00e9 de deux semaines. L\u2019audience aura finalement lieu le 13 avril prochain.<\/p>\n<p>C\u2019est une longue bataille qui est enclench\u00e9e depuis la finale de la CAN 2025. M\u00eame le vainqueur de la comp\u00e9tition est toujours inconnu. Apr\u00e8s la victoire du S\u00e9n\u00e9gal apr\u00e8s prolongations, la CAF a r\u00e9cemment d\u00e9clar\u00e9 le Maroc vainqueur sur tapis vert. La f\u00e9d\u00e9ration s\u00e9n\u00e9galaise de football a fait appel de cette d\u00e9cision devant le Tribunal Arbitral du Sport.<\/p>\n","protected":false},"excerpt":{"rendered":"Les dix-huit supporters s\u00e9n\u00e9galais d\u00e9tenus au Maroc depuis la finale de la CAN 2025 doivent encore attendre. Leur&hellip;\n","protected":false},"author":2,"featured_media":60968,"comment_status":"","ping_status":"","sticky":false,"template":"","format":"standard","meta":{"footnotes":"","_share_on_mastodon":"0"},"categories":[4],"tags":[6,446,1176,20628,23168,441,86,11,23169,11813],"class_list":["post-60967","post","type-post","status-publish","format-standard","has-post-thumbnail","category-afrique","tag-afrique","tag-caf","tag-can-2025","tag-finale-can-2025","tag-jury-dappel","tag-justice","tag-maroc","tag-senegal","tag-supporters-detenus","tag-tas"],"share_on_mastodon":{"url":"https:\/\/pubeurope.com\/@afrique\/116320850713703801","error":""},"_links":{"self":[{"href":"https:\/\/www.europesays.com\/afrique\/wp-json\/wp\/v2\/posts\/60967","targetHints":{"allow":["GET"]}}],"collection":[{"href":"https:\/\/www.europesays.com\/afrique\/wp-json\/wp\/v2\/posts"}],"about":[{"href":"https:\/\/www.europesays.com\/afrique\/wp-json\/wp\/v2\/types\/post"}],"author":[{"embeddable":true,"href":"https:\/\/www.europesays.com\/afrique\/wp-json\/wp\/v2\/users\/2"}],"replies":[{"embeddable":true,"href":"https:\/\/www.europesays.com\/afrique\/wp-json\/wp\/v2\/comments?post=60967"}],"version-history":[{"count":0,"href":"https:\/\/www.europesays.com\/afrique\/wp-json\/wp\/v2\/posts\/60967\/revisions"}],"wp:featuredmedia":[{"embeddable":true,"href":"https:\/\/www.europesays.com\/afrique\/wp-json\/wp\/v2\/media\/60968"}],"wp:attachment":[{"href":"https:\/\/www.europesays.com\/afrique\/wp-json\/wp\/v2\/media?parent=60967"}],"wp:term":[{"taxonomy":"category","embeddable":true,"href":"https:\/\/www.europesays.com\/afrique\/wp-json\/wp\/v2\/categories?post=60967"},{"taxonomy":"post_tag","embeddable":true,"href":"https:\/\/www.europesays.com\/afrique\/wp-json\/wp\/v2\/tags?post=60967"}],"curies":[{"name":"wp","href":"https:\/\/api.w.org\/{rel}","templated":true}]}}