{"id":61297,"date":"2026-03-31T08:32:06","date_gmt":"2026-03-31T08:32:06","guid":{"rendered":"https:\/\/www.europesays.com\/afrique\/61297\/"},"modified":"2026-03-31T08:32:06","modified_gmt":"2026-03-31T08:32:06","slug":"en-ouganda-lenlevement-dun-journaliste-apres-des-critiques-envers-une-loi-sur-les-usages-dinternet","status":"publish","type":"post","link":"https:\/\/www.europesays.com\/afrique\/61297\/","title":{"rendered":"En Ouganda, l\u2019enl\u00e8vement d\u2019un journaliste apr\u00e8s des critiques envers une loi sur les usages d\u2019Internet"},"content":{"rendered":"<p class=\"mb-4 text-lg md:leading-8 break-words\">\u00c0 la sortie du studio, Arnold Mukose, journaliste et militant, est intercept\u00e9 par des hommes en civil qui l\u2019attendent et le forcent \u00e0 monter dans une Toyota Noah grise, avant de dispara\u00eetre.<\/p>\n<p class=\"mb-4 text-lg md:leading-8 break-words\">Selon son avocat, Kato Tumusiime, il est d\u2019abord conduit au commissariat d\u2019Old Kampala, puis ramen\u00e9 chez lui pour une perquisition. Aucune charge, alors. Une simple enqu\u00eate pr\u00e9liminaire.<\/p>\n<p class=\"mb-4 text-lg md:leading-8 break-words\">Mais dans la nuit de dimanche \u00e0 lundi, il est emmen\u00e9 vers un lieu inconnu. Et le lendemain matin, son conseil se rend au commissariat et Arnold Mukose n\u2019y est plus. Aucune trace officielle.<\/p>\n<p class=\"mb-4 text-lg md:leading-8 break-words\">\u00ab\u00a0Il n\u2019y a pas de base l\u00e9gale \u00e0 sa d\u00e9tention\u00a0\u00bb, d\u00e9nonce Kato Tumusiime. Pour son avocat, difficile de ne pas faire le lien avec ses prises de position. \u00ab\u00a0Cette loi \u00e9tait utilis\u00e9e pour faire taire les critiques du pouvoir et Arnold expliquait justement pourquoi elle portait atteinte \u00e0 la libert\u00e9 d\u2019expression\u00a0\u00bb, poursuit Kato Tumusiime.<\/p>\n<p>La profession choqu\u00e9e<\/p>\n<p class=\"mb-4 text-lg md:leading-8 break-words\">En effet, Arnold Mukose \u00e9tait l\u2019un des principaux opposants \u00e0 la Computer Misuse Act, r\u00e9cemment annul\u00e9 par la justice.<\/p>\n<p class=\"mb-4 text-lg md:leading-8 break-words\">Son enl\u00e8vement a en tout cas provoqu\u00e9 un choc dans la profession. Certains journalistes disent d\u00e9j\u00e0 h\u00e9siter \u00e0 parler ou \u00e0 inviter certains intervenants. Ses avocats, eux, ont saisi la justice et n\u2019excluent pas de saisir la Haute Cour pour obtenir sa lib\u00e9ration.<\/p>\n<p class=\"mb-4 text-lg md:leading-8 break-words\">\u00c0 lire aussi<a href=\"https:\/\/www.rfi.fr\/fr\/podcasts\/menaces-sur-l-information\/20260110-pr\u00e9sidentielle-en-ouganda-journalistes-sous-pression-entre-violences-autocensure-et-guerre-num\u00e9rique\" class=\"link \" rel=\"nofollow noopener\" target=\"_blank\" data-ylk=\"slk:Menaces sur l&#039;information - Pr\u00e9sidentielle en Ouganda: journalistes sous pression, entre violences, autocensure et guerre num\u00e9rique;elm:context_link;itc:0;sec:content-canvas\" data-yga=\"{&quot;yLinkElement&quot;:&quot;context_link&quot;,&quot;yModuleName&quot;:&quot;content-canvas&quot;,&quot;yLinkText&quot;:&quot;Menaces sur l&#039;&quot;}\">Menaces sur l&rsquo;information &#8211; Pr\u00e9sidentielle en Ouganda: journalistes sous pression, entre violences, autocensure et guerre num\u00e9rique<\/a><\/p>\n","protected":false},"excerpt":{"rendered":"\u00c0 la sortie du studio, Arnold Mukose, journaliste et militant, est intercept\u00e9 par des hommes en civil qui&hellip;\n","protected":false},"author":2,"featured_media":61298,"comment_status":"","ping_status":"","sticky":false,"template":"","format":"standard","meta":{"footnotes":"","_share_on_mastodon":"0"},"categories":[177],"tags":[23351,16763,23350,314],"class_list":["post-61297","post","type-post","status-publish","format-standard","has-post-thumbnail","category-ouganda","tag-arnold-mukose","tag-des-hommes","tag-kato-tumusiime","tag-ouganda"],"share_on_mastodon":{"url":"https:\/\/pubeurope.com\/@afrique\/116322863824928104","error":""},"_links":{"self":[{"href":"https:\/\/www.europesays.com\/afrique\/wp-json\/wp\/v2\/posts\/61297","targetHints":{"allow":["GET"]}}],"collection":[{"href":"https:\/\/www.europesays.com\/afrique\/wp-json\/wp\/v2\/posts"}],"about":[{"href":"https:\/\/www.europesays.com\/afrique\/wp-json\/wp\/v2\/types\/post"}],"author":[{"embeddable":true,"href":"https:\/\/www.europesays.com\/afrique\/wp-json\/wp\/v2\/users\/2"}],"replies":[{"embeddable":true,"href":"https:\/\/www.europesays.com\/afrique\/wp-json\/wp\/v2\/comments?post=61297"}],"version-history":[{"count":0,"href":"https:\/\/www.europesays.com\/afrique\/wp-json\/wp\/v2\/posts\/61297\/revisions"}],"wp:featuredmedia":[{"embeddable":true,"href":"https:\/\/www.europesays.com\/afrique\/wp-json\/wp\/v2\/media\/61298"}],"wp:attachment":[{"href":"https:\/\/www.europesays.com\/afrique\/wp-json\/wp\/v2\/media?parent=61297"}],"wp:term":[{"taxonomy":"category","embeddable":true,"href":"https:\/\/www.europesays.com\/afrique\/wp-json\/wp\/v2\/categories?post=61297"},{"taxonomy":"post_tag","embeddable":true,"href":"https:\/\/www.europesays.com\/afrique\/wp-json\/wp\/v2\/tags?post=61297"}],"curies":[{"name":"wp","href":"https:\/\/api.w.org\/{rel}","templated":true}]}}