{"id":61699,"date":"2026-03-31T15:31:07","date_gmt":"2026-03-31T15:31:07","guid":{"rendered":"https:\/\/www.europesays.com\/afrique\/61699\/"},"modified":"2026-03-31T15:31:07","modified_gmt":"2026-03-31T15:31:07","slug":"jean-guy-blaise-mayolas-lourdement-sanctionne-par-la-fifa","status":"publish","type":"post","link":"https:\/\/www.europesays.com\/afrique\/61699\/","title":{"rendered":"Jean-Guy Blaise Mayolas lourdement sanctionn\u00e9 par la FIFA !"},"content":{"rendered":"<p>                <img width=\"710\" height=\"473\" src=\"https:\/\/www.europesays.com\/afrique\/wp-content\/uploads\/2026\/03\/img_9881-710x473.jpeg\" class=\"attachment-large size-large wp-post-image\" alt=\"\" decoding=\"async\" fetchpriority=\"high\"  \/>            <\/p>\n<p class=\"p2\">Le football congolais traverse une zone de turbulences sans pr\u00e9c\u00e9dent. La Commission d\u2019\u00e9thique de la FIFA aurait officiellement suspendu Jean-Guy Blaise Mayolas, pr\u00e9sident de la F\u00e9d\u00e9ration Congolaise de Football (FECOFOOT), de toutes fonctions li\u00e9es au ballon rond. Cette mesure, qui serait \u00e0 effet imm\u00e9diat, ferait suite \u00e0 des r\u00e9v\u00e9lations fracassantes concernant la gestion financi\u00e8re de l\u2019instance nationale, marquant un coup d\u2019arr\u00eat brutal pour le dirigeant \u00e0 la t\u00eate du football \u00e0 Brazzaville.<\/p>\n<p class=\"p3\">Au c\u0153ur de cette affaire, des accusations de d\u00e9tournements de fonds d\u2019une gravit\u00e9 exceptionnelle auraient \u00e9t\u00e9 retenues. Monsieur Mayolas aurait \u00e9t\u00e9 reconnu coupable de malversations portant sur un montant total estim\u00e9 \u00e0 1,1 million de dollars. Ces ressources, initialement octroy\u00e9es par la FIFA, auraient d\u00fb servir au d\u00e9veloppement du football f\u00e9minin ainsi qu\u2019\u00e0 l\u2019\u00e9dification d\u2019un centre de formation national. Au lieu de cela, elles auraient \u00e9t\u00e9 siphonn\u00e9es \u00e0 travers des m\u00e9canismes de blanchiment d\u2019argent et de faux en \u00e9criture.<\/p>\n<p class=\"p3\">La justice aurait eu la main particuli\u00e8rement lourde dans ce dossier, puisque le dirigeant aurait \u00e9t\u00e9 condamn\u00e9 \u00e0 la prison \u00e0 vie. Cette sentence historique ne le frapperait pas seul , sa femme ainsi que son fils auraient \u00e9galement \u00e9cop\u00e9 de la m\u00eame peine, tandis que d\u2019autres hauts responsables de la FECOFOOT seraient sous le coup de condamnations fermes. Ce proc\u00e8s mettrait en lumi\u00e8re un r\u00e9seau complexe de conflits d\u2019int\u00e9r\u00eats qui aurait gangren\u00e9 l\u2019administration du sport roi au Congo-Brazzaville.<\/p>\n<p class=\"p3\">Face \u00e0 l\u2019ampleur de ce scandale, la FIFA aurait d\u00e9j\u00e0 enclench\u00e9 une proc\u00e9dure disciplinaire rigoureuse contre les membres impliqu\u00e9s pour faute financi\u00e8re grave. Par ailleurs, un mandat d\u2019arr\u00eat international aurait \u00e9t\u00e9 lanc\u00e9 \u00e0 l\u2019encontre de Jean-Guy Blaise Mayolas, scellant ainsi son isolement sur la sc\u00e8ne sportive mondiale. Ce dossier, s\u2019il se confirme dans tous ses d\u00e9tails, pourrait entra\u00eener une restructuration profonde et n\u00e9cessaire du football congolais pour les ann\u00e9es \u00e0 venir.<\/p>\n","protected":false},"excerpt":{"rendered":"Le football congolais traverse une zone de turbulences sans pr\u00e9c\u00e9dent. La Commission d\u2019\u00e9thique de la FIFA aurait officiellement&hellip;\n","protected":false},"author":2,"featured_media":61700,"comment_status":"","ping_status":"","sticky":false,"template":"","format":"standard","meta":{"footnotes":"","_share_on_mastodon":"0"},"categories":[4],"tags":[6,446,2169,3143,23536,23537,23538,301,441,23539,13712],"class_list":["post-61699","post","type-post","status-publish","format-standard","has-post-thumbnail","category-afrique","tag-afrique","tag-caf","tag-congo","tag-congo-brazzaville","tag-fecofoot","tag-federation-congolaise","tag-federation-congolaise-de-football","tag-fifa","tag-justice","tag-mayolas","tag-republique-du-congo"],"share_on_mastodon":{"url":"https:\/\/pubeurope.com\/@afrique\/116324511512586343","error":""},"_links":{"self":[{"href":"https:\/\/www.europesays.com\/afrique\/wp-json\/wp\/v2\/posts\/61699","targetHints":{"allow":["GET"]}}],"collection":[{"href":"https:\/\/www.europesays.com\/afrique\/wp-json\/wp\/v2\/posts"}],"about":[{"href":"https:\/\/www.europesays.com\/afrique\/wp-json\/wp\/v2\/types\/post"}],"author":[{"embeddable":true,"href":"https:\/\/www.europesays.com\/afrique\/wp-json\/wp\/v2\/users\/2"}],"replies":[{"embeddable":true,"href":"https:\/\/www.europesays.com\/afrique\/wp-json\/wp\/v2\/comments?post=61699"}],"version-history":[{"count":0,"href":"https:\/\/www.europesays.com\/afrique\/wp-json\/wp\/v2\/posts\/61699\/revisions"}],"wp:featuredmedia":[{"embeddable":true,"href":"https:\/\/www.europesays.com\/afrique\/wp-json\/wp\/v2\/media\/61700"}],"wp:attachment":[{"href":"https:\/\/www.europesays.com\/afrique\/wp-json\/wp\/v2\/media?parent=61699"}],"wp:term":[{"taxonomy":"category","embeddable":true,"href":"https:\/\/www.europesays.com\/afrique\/wp-json\/wp\/v2\/categories?post=61699"},{"taxonomy":"post_tag","embeddable":true,"href":"https:\/\/www.europesays.com\/afrique\/wp-json\/wp\/v2\/tags?post=61699"}],"curies":[{"name":"wp","href":"https:\/\/api.w.org\/{rel}","templated":true}]}}