{"id":62721,"date":"2026-04-01T12:45:07","date_gmt":"2026-04-01T12:45:07","guid":{"rendered":"https:\/\/www.europesays.com\/afrique\/62721\/"},"modified":"2026-04-01T12:45:07","modified_gmt":"2026-04-01T12:45:07","slug":"le-kenya-se-dit-pret-a-accueillir-la-can-2027-malgre-les-reserves-de-la-caf","status":"publish","type":"post","link":"https:\/\/www.europesays.com\/afrique\/62721\/","title":{"rendered":"Le Kenya se dit pr\u00eat \u00e0 accueillir la CAN 2027, malgr\u00e9 les r\u00e9serves de la CAF"},"content":{"rendered":"<p class=\"mb-4 text-lg md:leading-8 break-words\">De notre correspondante \u00e0 Nairobi, Ga\u00eblle Laleix<\/p>\n<p class=\"mb-4 text-lg md:leading-8 break-words\">Preuve de sa d\u00e9termination, le <a href=\"https:\/\/www.rfi.fr\/fr\/tag\/kenya\/\" rel=\"nofollow noopener\" target=\"_blank\" data-ylk=\"slk:Kenya;elm:context_link;itc:0;sec:content-canvas\" data-yga=\"{&quot;yLinkElement&quot;:&quot;context_link&quot;,&quot;yModuleName&quot;:&quot;content-canvas&quot;,&quot;yLinkText&quot;:&quot;Kenya&quot;}\" class=\"link \">Kenya<\/a> a annonc\u00e9, mardi 31 mars, avoir vers\u00e9 30 millions de dollars \u00e0 la <a href=\"https:\/\/www.rfi.fr\/fr\/tag\/caf\/\" rel=\"nofollow noopener\" target=\"_blank\" data-ylk=\"slk:Conf\u00e9d\u00e9ration africaine de football;elm:context_link;itc:0;sec:content-canvas\" data-yga=\"{&quot;yLinkElement&quot;:&quot;context_link&quot;,&quot;yModuleName&quot;:&quot;content-canvas&quot;,&quot;yLinkText&quot;:&quot;Conf\u00e9d\u00e9ration africaine de football&quot;}\" class=\"link \">Conf\u00e9d\u00e9ration africaine de football <\/a>(CAF), pour s\u2019acquitter de ses frais d\u2019organisation de la <a href=\"https:\/\/www.rfi.fr\/fr\/tag\/can-2027\/\" rel=\"nofollow noopener\" target=\"_blank\" data-ylk=\"slk:CAN 2027;elm:context_link;itc:0;sec:content-canvas\" data-yga=\"{&quot;yLinkElement&quot;:&quot;context_link&quot;,&quot;yModuleName&quot;:&quot;content-canvas&quot;,&quot;yLinkText&quot;:&quot;CAN 2027&quot;}\" class=\"link \">CAN 2027<\/a>.<\/p>\n<p class=\"mb-4 text-lg md:leading-8 break-words\">Nairobi \u00ab r\u00e9affirme ainsi sa cr\u00e9dibilit\u00e9 [\u2026], sa pr\u00e9paration et son engagement in\u00e9branlable \u00e0 organiser un tournoi r\u00e9ussi \u00bb, est-il \u00e9crit dans le communiqu\u00e9 du minist\u00e8re des Sports. Pour montrer patte blanche, il annonce \u00e9galement la cr\u00e9ation d\u2019un Comit\u00e9 local d\u2019organisation multi-agences qui regroupe les acteurs clefs des secteurs public et priv\u00e9.<\/p>\n<p class=\"mb-4 text-lg md:leading-8 break-words\">\u00c0 lire aussi<a href=\"https:\/\/fr.news.yahoo.com\/can-2027-caf-confirme-lorganisation-161046226.html\" class=\"link  yahoo-link\" data-ylk=\"slk:CAN 2027: la CAF confirme l&#039;organisation confi\u00e9e au Kenya, \u00e0 la Tanzanie et \u00e0 l&#039;Ouganda;elm:context_link;itc:0;sec:content-canvas;outcm:mb_qualified_link;_E:mb_qualified_link;ct:story;\" data-yga=\"{&quot;yLinkElement&quot;:&quot;context_link&quot;,&quot;yModuleName&quot;:&quot;content-canvas&quot;,&quot;yLinkText&quot;:&quot;CAN 2027&quot;}\" rel=\"nofollow noopener\" target=\"_blank\">CAN 2027: la CAF confirme l&rsquo;organisation confi\u00e9e au Kenya, \u00e0 la Tanzanie et \u00e0 l&rsquo;Ouganda<\/a><\/p>\n<p class=\"mb-4 text-lg md:leading-8 break-words\">En f\u00e9vrier, des inspecteurs de la CAF ont visit\u00e9 les infrastructures k\u00e9nyanes. \u00ab Aucun des stades propos\u00e9s pour la comp\u00e9tition ne r\u00e9pond pleinement aux exigences \u00bb [\u2026] de la f\u00e9d\u00e9ration, peut-on lire dans leur rapport.<\/p>\n<p class=\"mb-4 text-lg md:leading-8 break-words\">Deux stades devraient accueillir le tournoi \u00e0 Nairobi : le Centre international des sports Moi, \u00e0 Kasarani, dans la banlieue de la capitale et la ville des sports Talanta, construite pour l\u2019occasion. Mais les inspecteurs notent que malgr\u00e9 les travaux en cours \u00ab l\u2019ampleur globale des interventions reste importante et n\u00e9cessite des progr\u00e8s soutenus. \u00bb<\/p>\n<p class=\"mb-4 text-lg md:leading-8 break-words\">Dans son histoire, le Kenya s\u2019est d\u00e9j\u00e0 vu attribuer, puis retirer, le droit d\u2019organiser la CAN, en 1996, et le CHAN, en 2018, en raison de son manque de pr\u00e9paration.<\/p>\n<p class=\"mb-4 text-lg md:leading-8 break-words\">\u00c0 lire aussi<a href=\"https:\/\/fr.news.yahoo.com\/can-2027-ne-sera-report%C3%A9e-124047103.html\" class=\"link  yahoo-link\" data-ylk=\"slk:La CAN 2027 ne sera pas report\u00e9e malgr\u00e9 les incertitudes, annonce le pr\u00e9sident de la CAF;elm:context_link;itc:0;sec:content-canvas;outcm:mb_qualified_link;_E:mb_qualified_link;ct:story;\" data-yga=\"{&quot;yLinkElement&quot;:&quot;context_link&quot;,&quot;yModuleName&quot;:&quot;content-canvas&quot;,&quot;yLinkText&quot;:&quot;La CAN 2027 ne sera pas report\u00e9e malgr\u00e9 les incertitudes, annonce le pr\u00e9sident de la CAF&quot;}\" rel=\"nofollow noopener\" target=\"_blank\">La CAN 2027 ne sera pas report\u00e9e malgr\u00e9 les incertitudes, annonce le pr\u00e9sident de la CAF<\/a><\/p>\n","protected":false},"excerpt":{"rendered":"De notre correspondante \u00e0 Nairobi, Ga\u00eblle Laleix Preuve de sa d\u00e9termination, le Kenya a annonc\u00e9, mardi 31 mars,&hellip;\n","protected":false},"author":2,"featured_media":62722,"comment_status":"","ping_status":"","sticky":false,"template":"","format":"standard","meta":{"footnotes":""},"categories":[165],"tags":[446,2954,230,6126,23814,5626],"class_list":{"0":"post-62721","1":"post","2":"type-post","3":"status-publish","4":"format-standard","5":"has-post-thumbnail","7":"category-kenya","8":"tag-caf","9":"tag-confederation-africaine-de-football","10":"tag-kenya","11":"tag-la-caf","12":"tag-ministere-des-sports","13":"tag-nairobi"},"share_on_mastodon":{"url":"https:\/\/pubeurope.com\/@afrique\/116329521069705729","error":""},"_links":{"self":[{"href":"https:\/\/www.europesays.com\/afrique\/wp-json\/wp\/v2\/posts\/62721","targetHints":{"allow":["GET"]}}],"collection":[{"href":"https:\/\/www.europesays.com\/afrique\/wp-json\/wp\/v2\/posts"}],"about":[{"href":"https:\/\/www.europesays.com\/afrique\/wp-json\/wp\/v2\/types\/post"}],"author":[{"embeddable":true,"href":"https:\/\/www.europesays.com\/afrique\/wp-json\/wp\/v2\/users\/2"}],"replies":[{"embeddable":true,"href":"https:\/\/www.europesays.com\/afrique\/wp-json\/wp\/v2\/comments?post=62721"}],"version-history":[{"count":0,"href":"https:\/\/www.europesays.com\/afrique\/wp-json\/wp\/v2\/posts\/62721\/revisions"}],"wp:featuredmedia":[{"embeddable":true,"href":"https:\/\/www.europesays.com\/afrique\/wp-json\/wp\/v2\/media\/62722"}],"wp:attachment":[{"href":"https:\/\/www.europesays.com\/afrique\/wp-json\/wp\/v2\/media?parent=62721"}],"wp:term":[{"taxonomy":"category","embeddable":true,"href":"https:\/\/www.europesays.com\/afrique\/wp-json\/wp\/v2\/categories?post=62721"},{"taxonomy":"post_tag","embeddable":true,"href":"https:\/\/www.europesays.com\/afrique\/wp-json\/wp\/v2\/tags?post=62721"}],"curies":[{"name":"wp","href":"https:\/\/api.w.org\/{rel}","templated":true}]}}