{"id":62776,"date":"2026-04-01T13:33:17","date_gmt":"2026-04-01T13:33:17","guid":{"rendered":"https:\/\/www.europesays.com\/afrique\/62776\/"},"modified":"2026-04-01T13:33:17","modified_gmt":"2026-04-01T13:33:17","slug":"procedure-penale-le-nouveau-dispositif-change-deja-la-vie-des-detenus-lopinion-ma","status":"publish","type":"post","link":"https:\/\/www.europesays.com\/afrique\/62776\/","title":{"rendered":"Proc\u00e9dure p\u00e9nale : Le nouveau dispositif change d\u00e9j\u00e0 la vie des d\u00e9tenus &#8211; lopinion.ma"},"content":{"rendered":"<p><a href=\"https:\/\/news.google.com\/rss\/articles\/CBMi7wFBVV95cUxPOUNXQmJ6TjN6VzlzSnVULUtWcWp0RjE1U3o4U2laU011Xzdnb1pYcGpRUmJabEdvVEFIdS1NaEUzc3VMTS1TbE0waWktUkpiNVkybVVEbFBjX25mdkkwMk5sRExuUzU4MEEtaXNZeXYwSVhkSkxjUFQ4eVF0Z0c3eWxVUGx5X3lQVDlfN1FwYkhVRUJQclBBbUw1alZxa3dIamM0MTdza253NFN4WkhXV2oxNnlRTDFMY1Nzc2tPSERqRGpLLXljZXluQWlzLXV6cy1YNDcyNkxDTjV6OGVhVkJGVEdZbUlHdHdSS3Nwcw?oc=5\" target=\"_blank\" rel=\"nofollow noopener\">Proc\u00e9dure p\u00e9nale : Le nouveau dispositif change d\u00e9j\u00e0 la vie des d\u00e9tenus<\/a>&nbsp;&nbsp;lopinion.ma<a href=\"https:\/\/news.google.com\/rss\/articles\/CBMi5wFBVV95cUxNcENxNTJZVnFZTldtSHBMSjdadnpNUGVFMDRkSW1ETHdIVnRmVmk4RXo3Ylc0NHduSGlHSnZjekZDOHVTTjdLZXpiMTJnY2dEc2d5Q2F3eDZKRVpTcmdyelQ0ZjdQNU1vOWpvV0pLZGlqMmV2NTc2Nm1WM25uY3IyTkd0T0lPR3lXd2E2eVFLeExNZ1dqNFlpZHUwQ2tEUkZSNFV5bllkWjM4QW1raWFlN1g2Mlp0TWxUdGFVTFdxcEMzRUw4ZjdaeXUwYXl3bUgwQzQ4T1BHMmhLbTBEVlBOVEp0bVJxR2s?oc=5\" target=\"_blank\" rel=\"nofollow noopener\">Justice: des milliers de d\u00e9tenus lib\u00e9r\u00e9s gr\u00e2ce au nouveau dispositif de r\u00e9duction automatique des peines<\/a>&nbsp;&nbsp;Le360<a href=\"https:\/\/news.google.com\/rss\/articles\/CBMieEFVX3lxTE8tcXp6cGhUUHRHR3NLOHpsVC1yYUVpQkI4X0tDSHgwa1RFZ09PbUZyUmlKM3VMbldNOXlXc19qbHhkVUFpR1B5bjNhd0hJeEY4WmlISmItOVBrdGJvaXVfcXU5aEloTHNua20zWldsOXpNa0xLUDlPRg?oc=5\" target=\"_blank\" rel=\"nofollow noopener\">La revue de presse de ce mercredi 1er avril<\/a>&nbsp;&nbsp;H24info<a href=\"https:\/\/news.google.com\/rss\/articles\/CBMinwFBVV95cUxPZm9mdHBXZlpKOC1FcXlYWi1sTHozNTdweGNBTmhySWpZYXphN21EQWtHMXNkalg1Njd5NjhUVmdvMXA3bEw4VmhKNkVMcVFYLThnRE84UV95RTdRTmVueGx3SEpJdjd3VVh5SWJ4Vm15ejBaSGN0YUM4TlZOVkpwamtJTHhjeDIzNUtWRTNxZE4tLXYtd1NoXzBWTzhMT1k?oc=5\" target=\"_blank\" rel=\"nofollow noopener\">La revue de presse : 1er avril, la presse n\u2019a pas le c\u0153ur \u00e0 rire<\/a>&nbsp;&nbsp;RTBF<a href=\"https:\/\/news.google.com\/rss\/articles\/CBMixwFBVV95cUxNNkpqTUlXdFpZX0ROR1FrSTJ3dEk5T3FNR29yQS1HODRldlVLcnlaOFoyeGQ5TDRxVVNLYU1PZTl4WHYwWFN6eDFsWE1wckNsZ1lIX0NNZjNwaGRHMHBqTzROOXkzYVp1STJGODVwb01yMmJYYlBOVDZPY3V6OHhxSy1PdkxuemRhYlhuZEtwdlJUemNOaVp6SjY5OE02MkdhbWxZNkVVdWx0QUdoXzdMRmZLS0xaMm5HSWF6M2RtSTJtaWhmdGpF?oc=5\" target=\"_blank\" rel=\"nofollow noopener\">Vid\u00e9o : Revue de presse : ce qu\u2019il faut retenir des m\u00e9dias ce mercredi 1er avril<\/a>&nbsp;&nbsp;medi1tv<\/p>\n","protected":false},"excerpt":{"rendered":"Proc\u00e9dure p\u00e9nale : Le nouveau dispositif change d\u00e9j\u00e0 la vie des d\u00e9tenus&nbsp;&nbsp;lopinion.maJustice: des milliers de d\u00e9tenus lib\u00e9r\u00e9s gr\u00e2ce&hellip;\n","protected":false},"author":2,"featured_media":62777,"comment_status":"","ping_status":"","sticky":false,"template":"","format":"standard","meta":{"footnotes":"","_share_on_mastodon":"0"},"categories":[83],"tags":[2889,2890,23830,23833,22732,86,2891,1015,23829,23832,455,23831],"class_list":["post-62776","post","type-post","status-publish","format-standard","has-post-thumbnail","category-maroc","tag-actu-maroc","tag-actualites-maroc","tag-code-de-procedure-penale","tag-conciliation-penale","tag-justice-penale","tag-maroc","tag-news-morocco","tag-procedure-penale","tag-procedure-penale-le-nouveau","tag-reduction-de-peine","tag-reformes-judiciaires","tag-reinsertion"],"share_on_mastodon":{"url":"https:\/\/pubeurope.com\/@afrique\/116329709739666370","error":""},"_links":{"self":[{"href":"https:\/\/www.europesays.com\/afrique\/wp-json\/wp\/v2\/posts\/62776","targetHints":{"allow":["GET"]}}],"collection":[{"href":"https:\/\/www.europesays.com\/afrique\/wp-json\/wp\/v2\/posts"}],"about":[{"href":"https:\/\/www.europesays.com\/afrique\/wp-json\/wp\/v2\/types\/post"}],"author":[{"embeddable":true,"href":"https:\/\/www.europesays.com\/afrique\/wp-json\/wp\/v2\/users\/2"}],"replies":[{"embeddable":true,"href":"https:\/\/www.europesays.com\/afrique\/wp-json\/wp\/v2\/comments?post=62776"}],"version-history":[{"count":0,"href":"https:\/\/www.europesays.com\/afrique\/wp-json\/wp\/v2\/posts\/62776\/revisions"}],"wp:featuredmedia":[{"embeddable":true,"href":"https:\/\/www.europesays.com\/afrique\/wp-json\/wp\/v2\/media\/62777"}],"wp:attachment":[{"href":"https:\/\/www.europesays.com\/afrique\/wp-json\/wp\/v2\/media?parent=62776"}],"wp:term":[{"taxonomy":"category","embeddable":true,"href":"https:\/\/www.europesays.com\/afrique\/wp-json\/wp\/v2\/categories?post=62776"},{"taxonomy":"post_tag","embeddable":true,"href":"https:\/\/www.europesays.com\/afrique\/wp-json\/wp\/v2\/tags?post=62776"}],"curies":[{"name":"wp","href":"https:\/\/api.w.org\/{rel}","templated":true}]}}