{"id":63188,"date":"2026-04-01T20:50:08","date_gmt":"2026-04-01T20:50:08","guid":{"rendered":"https:\/\/www.europesays.com\/afrique\/63188\/"},"modified":"2026-04-01T20:50:08","modified_gmt":"2026-04-01T20:50:08","slug":"victime-dactes-racistes-en-espagne-legypte-monte-au-creneau","status":"publish","type":"post","link":"https:\/\/www.europesays.com\/afrique\/63188\/","title":{"rendered":"Victime d\u2019actes racistes en Espagne, l\u2019Egypte monte au cr\u00e9neau !"},"content":{"rendered":"<p>                <img width=\"710\" height=\"474\" src=\"https:\/\/www.europesays.com\/afrique\/wp-content\/uploads\/2026\/04\/egypte-espagne-710x474.jpg\" class=\"attachment-large size-large wp-post-image\" alt=\"L'Egypte des comportements anti-sportifs lors du match contre l'Espagne\" decoding=\"async\" fetchpriority=\"high\"  \/>            <\/p>\n<p>L\u2019Egypte a affront\u00e9 l\u2019Espagne, mardi, lors de la tr\u00eave internationale. Mais des faits particuliers ont \u00e9maill\u00e9 la rencontre. La f\u00e9d\u00e9ration \u00e9gyptienne de football, dans un communiqu\u00e9, a exprim\u00e9 son m\u00e9contentement et appelle \u00e0 une r\u00e9action.<\/p>\n<p>De l\u2019ex\u00e9cution de l\u2019hymne national au d\u00e9roulement de la rencontre elle-m\u00eame, des supporters espagnols ont scand\u00e9 des messages racistes \u00e0 l\u2019endroit de l\u2019\u00e9quipe \u00e9gyptienne. \u00ab\u00a0Un certain nombre de spectateurs dans les tribunes ont \u00e9t\u00e9 observ\u00e9s en train de scander des expressions et des slogans racistes. Nous rejetons fermement et condamnons un tel comportement, y compris le manque de respect manifest\u00e9 envers l\u2019hymne national. Ces actions sont totalement inacceptables dans les stades de football et repr\u00e9sentent un ph\u00e9nom\u00e8ne n\u00e9gatif qui doit \u00eatre collectivement abord\u00e9 et \u00e9radiqu\u00e9\u00a0\u00bb, \u00e9crit l\u2019EFA.<\/p>\n<p>Dans son communiqu\u00e9, l\u2019Egypte salue la r\u00e9action de l\u2019Espagne, \u00e0 travers la f\u00e9d\u00e9ration. Selon l\u2019EFA, \u00ab\u00a0les actions d\u2019une minorit\u00e9 de fans au Stade de l\u2019Espanyol n\u2019affecteront pas la relation forte et de longue date entre les Associations de Football \u00e9gyptienne et espagnole.\u00a0\u00bb<\/p>\n","protected":false},"excerpt":{"rendered":"L\u2019Egypte a affront\u00e9 l\u2019Espagne, mardi, lors de la tr\u00eave internationale. Mais des faits particuliers ont \u00e9maill\u00e9 la rencontre.&hellip;\n","protected":false},"author":2,"featured_media":63189,"comment_status":"","ping_status":"","sticky":false,"template":"","format":"standard","meta":{"footnotes":"","_share_on_mastodon":"0"},"categories":[4],"tags":[6,139,1062,23944,23945,7971,20522,4374],"class_list":["post-63188","post","type-post","status-publish","format-standard","has-post-thumbnail","category-afrique","tag-afrique","tag-egypte","tag-espagne","tag-espanyol-barcelone","tag-hymne-national","tag-journee-fifa","tag-omar-marmoush","tag-racisme"],"share_on_mastodon":{"url":"https:\/\/pubeurope.com\/@afrique\/116331428258311738","error":""},"_links":{"self":[{"href":"https:\/\/www.europesays.com\/afrique\/wp-json\/wp\/v2\/posts\/63188","targetHints":{"allow":["GET"]}}],"collection":[{"href":"https:\/\/www.europesays.com\/afrique\/wp-json\/wp\/v2\/posts"}],"about":[{"href":"https:\/\/www.europesays.com\/afrique\/wp-json\/wp\/v2\/types\/post"}],"author":[{"embeddable":true,"href":"https:\/\/www.europesays.com\/afrique\/wp-json\/wp\/v2\/users\/2"}],"replies":[{"embeddable":true,"href":"https:\/\/www.europesays.com\/afrique\/wp-json\/wp\/v2\/comments?post=63188"}],"version-history":[{"count":0,"href":"https:\/\/www.europesays.com\/afrique\/wp-json\/wp\/v2\/posts\/63188\/revisions"}],"wp:featuredmedia":[{"embeddable":true,"href":"https:\/\/www.europesays.com\/afrique\/wp-json\/wp\/v2\/media\/63189"}],"wp:attachment":[{"href":"https:\/\/www.europesays.com\/afrique\/wp-json\/wp\/v2\/media?parent=63188"}],"wp:term":[{"taxonomy":"category","embeddable":true,"href":"https:\/\/www.europesays.com\/afrique\/wp-json\/wp\/v2\/categories?post=63188"},{"taxonomy":"post_tag","embeddable":true,"href":"https:\/\/www.europesays.com\/afrique\/wp-json\/wp\/v2\/tags?post=63188"}],"curies":[{"name":"wp","href":"https:\/\/api.w.org\/{rel}","templated":true}]}}