{"id":64269,"date":"2026-04-02T19:26:23","date_gmt":"2026-04-02T19:26:23","guid":{"rendered":"https:\/\/www.europesays.com\/afrique\/64269\/"},"modified":"2026-04-02T19:26:23","modified_gmt":"2026-04-02T19:26:23","slug":"etude-letat-du-fack-checking-en-afrique-francophone","status":"publish","type":"post","link":"https:\/\/www.europesays.com\/afrique\/64269\/","title":{"rendered":"Etude : l&rsquo;\u00e9tat du fack-checking en Afrique francophone"},"content":{"rendered":"<p class=\"mb-4 text-lg md:leading-8 break-words\">C&rsquo;est un document qui appelle les fact-checkers d&rsquo;Afrique francophone \u00e0 \u00ab\u00a0engager une v\u00e9ritable pause introspective\u201d.<\/p>\n<p class=\"mb-4 text-lg md:leading-8 break-words\">Les initiatives se sont multipli\u00e9es ces derni\u00e8res ann\u00e9es, \u00e0 un rythme mondialis\u00e9 \u00e0 la faveur notamment de la pand\u00e9mie de Covid-19 pour lutter contre la d\u00e9sinformation et d\u00e9busquer le vrai du faux et satisfaire la demande du public d&rsquo;une information v\u00e9rifi\u00e9e. Ainsi, le fact-checking est selon les auteurs de l&rsquo;\u00e9tude \u00ab\u00a0un rempart essentiel pour les soci\u00e9t\u00e9s d\u00e9mocratiques confront\u00e9es \u00e0 des vagues continues de contenus falsifi\u00e9s\u201d.<\/p>\n<p class=\"mb-4 text-lg md:leading-8 break-words\">En Afrique francophone, la PAFF, la Plateforme africaine des fact-checkers francophones, constate une \u00ab\u00a0sophistication croissante\u201d de la pratique et son \u00ab\u00a0int\u00e9gration progressive dans la formation et la pratique journalistiques\u201d.<\/p>\n<p class=\"mb-4 text-lg md:leading-8 break-words\">Toutefois, expliquent les auteurs, il existe peu d&rsquo;\u00e9tudes sur la port\u00e9e et l&rsquo;implantation du fact-checking dans cet espace. La PAFF s&rsquo;est ainsi pench\u00e9e sur quelque 3.000 articles de 26 organisations de fact-checking dans neuf pays francophone : RDC, Mali, B\u00e9nin, Burkina Faso, Cameroun, C\u00f4te d&rsquo;Ivoire, Mali, Centrafrique, S\u00e9n\u00e9gal et Togo.<\/p>\n<p>Les th\u00e8mes les plus souvent pass\u00e9s au crible<\/p>\n<p class=\"mb-4 text-lg md:leading-8 break-words\">Premier constat : les sujets relatifs \u00e0 la politique et la s\u00e9curit\u00e9 sont les plus susceptibles d&rsquo;\u00eatre v\u00e9rifi\u00e9s par les fact-checkers. Cela concerne quasiment un article sur deux. Cela s&rsquo;explique par des crises et conflits persistants dans des pays comme la RDC, mais aussi par la menace terroriste dans les pays du Sahel et de plus en plus leurs voisins.<\/p>\n<p class=\"mb-4 text-lg md:leading-8 break-words\">Viennent ensuite les canulars et l&rsquo;escroquerie en ligne, suivis par l&rsquo;information sur la sant\u00e9 et l&rsquo;\u00e9conomie.<\/p>\n<p class=\"mb-4 text-lg md:leading-8 break-words\">Cette r\u00e9partition varie toutefois en fonction des pays. Le <a href=\"https:\/\/www.dw.com\/fr\/le-journalisme-\u00e0-l-\u00e8re-de-la-d\u00e9sinformation-sur-internet\/a-70700687\" rel=\"nofollow noopener\" target=\"_blank\" data-ylk=\"slk:fact-checking d&#039;informations;elm:context_link;itc:0;sec:content-canvas\" data-yga=\"{&quot;yLinkElement&quot;:&quot;context_link&quot;,&quot;yModuleName&quot;:&quot;content-canvas&quot;,&quot;yLinkText&quot;:&quot;fact-checking d&#039;&quot;}\" class=\"link \">fact-checking d&rsquo;informations<\/a> li\u00e9es \u00e0 la sant\u00e9 sont tr\u00e8s repr\u00e9sent\u00e9s au Togo ou en Centrafrique, mais quasiment pas au S\u00e9n\u00e9gal.<\/p>\n<p class=\"mb-4 text-lg md:leading-8 break-words\">Enfin, les sujets li\u00e9s aux droits des femmes et l&rsquo;\u00e9galit\u00e9 entre les sexes repr\u00e9sentent moins de 2% des articles analys\u00e9s. Les enjeux climatiques et environnementaux ont une pr\u00e9sence de seulement 3%.<\/p>\n<p>Le debunking se taille la part du lion<\/p>\n<p class=\"mb-4 text-lg md:leading-8 break-words\">En r\u00e9alit\u00e9, m\u00eame s&rsquo;il existe des disparit\u00e9s entre les pays \u00e9tudi\u00e9s, le fack-checking, qui v\u00e9rifie l&rsquo;exactitude d&rsquo;une information pour savoir si elle est vraie ou fausse, ne concerne \u00e0 proprement parler qu&rsquo;un article sur dix analys\u00e9 dans l&rsquo;\u00e9tude. Cette mani\u00e8re d&rsquo;aborder l&rsquo;actualit\u00e9 demande de plus longues recherches et des articles de fond. L&rsquo;\u00e9tude comprend ici le fack-checking comme \u00ab\u00a0l&rsquo;examen des d\u00e9clarations faites par les acteurs publics de premier rang\u00a0\u00bb.<\/p>\n<p class=\"mb-4 text-lg md:leading-8 break-words\">Le rapport note ici que les th\u00e8mes li\u00e9s au climat et \u00e0 l&rsquo;\u00e9galit\u00e9 sont davantage trait\u00e9s \u00e0 travers la m\u00e9thode du fact-checking : \u00ab\u00a0les th\u00e9matiques marginalis\u00e9es font, paradoxalement, l&rsquo;objet de plus d&rsquo;investissement dans le traitement journalistique par le fact-checking\u00a0\u00bb.<\/p>\n<p class=\"mb-4 text-lg md:leading-8 break-words\">Dans 90% des cas, la lutte contre la d\u00e9sinformation passe par la pratique du debunking, qui consiste \u00e0 d\u00e9masquer des fausses informations et \u00e0 r\u00e9tablir la v\u00e9rit\u00e9 factuelle. Cela concerne par exemple les fausses rumeurs largement r\u00e9pandues sur <a href=\"https:\/\/www.dw.com\/fr\/meta-supprime-le-fact-checking-sur-ses-plateformes\/a-71249507\" rel=\"nofollow noopener\" target=\"_blank\" data-ylk=\"slk:les r\u00e9seaux sociaux;elm:context_link;itc:0;sec:content-canvas\" data-yga=\"{&quot;yLinkElement&quot;:&quot;context_link&quot;,&quot;yModuleName&quot;:&quot;content-canvas&quot;,&quot;yLinkText&quot;:&quot;les r\u00e9seaux sociaux&quot;}\" class=\"link \">les r\u00e9seaux sociaux<\/a>.<\/p>\n<p>Faible investissement dans le fact-checking<\/p>\n<p class=\"mb-4 text-lg md:leading-8 break-words\">Selon la PAFF, la faible repr\u00e9sentation du fact-checking est notamment d\u00fb \u00e0 ce que les auteurs de l&rsquo;\u00e9tude appellent le \u00ab\u00a0pluralisme autoritaire\u201d qui domine dans les paysages m\u00e9diatiques des pays d&rsquo;Afrique francophone.<\/p>\n<p class=\"mb-4 text-lg md:leading-8 break-words\">Cela veut dire qu&rsquo;il existe un espace public et des m\u00e9dias, mais ceux-ci travaillent sous un certain contr\u00f4le des pouvoirs.<\/p>\n<p class=\"mb-4 text-lg md:leading-8 break-words\">\u00ab\u00a0Parce qu&rsquo;il d\u00e9molit la propagande de tout pouvoir, le fact-checking et ses praticiens sont per\u00e7us comme des trouble-f\u00eates dont il faut contenir les effets r\u00e9els ou fantasm\u00e9s par tous les moyens, m\u00eame les plus coercitifs\u201d, \u00e9crivent les auteurs de l&rsquo;\u00e9tude.<\/p>\n<p class=\"mb-4 text-lg md:leading-8 break-words\">La PAFF estime que dans les pays d&rsquo;Afrique francophone \u00ab\u00a0en crise ouverte\u201d, comme le Burkina, le Mali ou encore la RDC, \u00ab\u00a0les pouvoirs en place sont engag\u00e9s dans une guerre de r\u00e9cits qui n&rsquo;\u00e9pargne pas les fact-checkers\u00a0\u00bb.<\/p>\n<p class=\"mb-4 text-lg md:leading-8 break-words\">L&rsquo;\u00e9tude rel\u00e8ve aussi le caract\u00e8re chronophage du fact-checking et l&rsquo;incapacit\u00e9 de \u00ab\u00a0couvrir l&rsquo;ensemble des informations trompeuses diffus\u00e9es sur les r\u00e9seaux sociaux\u201d.<\/p>\n","protected":false},"excerpt":{"rendered":"C&rsquo;est un document qui appelle les fact-checkers d&rsquo;Afrique francophone \u00e0 \u00ab\u00a0engager une v\u00e9ritable pause introspective\u201d. Les initiatives se&hellip;\n","protected":false},"author":2,"featured_media":64270,"comment_status":"","ping_status":"","sticky":false,"template":"","format":"standard","meta":{"footnotes":"","_share_on_mastodon":"0"},"categories":[4],"tags":[6,8356,2352,24290,24291],"class_list":["post-64269","post","type-post","status-publish","format-standard","has-post-thumbnail","category-afrique","tag-afrique","tag-afrique-francophone","tag-fact-checking","tag-paff","tag-pays-francophone"],"share_on_mastodon":{"url":"https:\/\/pubeurope.com\/@afrique\/116336760115069745","error":""},"_links":{"self":[{"href":"https:\/\/www.europesays.com\/afrique\/wp-json\/wp\/v2\/posts\/64269","targetHints":{"allow":["GET"]}}],"collection":[{"href":"https:\/\/www.europesays.com\/afrique\/wp-json\/wp\/v2\/posts"}],"about":[{"href":"https:\/\/www.europesays.com\/afrique\/wp-json\/wp\/v2\/types\/post"}],"author":[{"embeddable":true,"href":"https:\/\/www.europesays.com\/afrique\/wp-json\/wp\/v2\/users\/2"}],"replies":[{"embeddable":true,"href":"https:\/\/www.europesays.com\/afrique\/wp-json\/wp\/v2\/comments?post=64269"}],"version-history":[{"count":0,"href":"https:\/\/www.europesays.com\/afrique\/wp-json\/wp\/v2\/posts\/64269\/revisions"}],"wp:featuredmedia":[{"embeddable":true,"href":"https:\/\/www.europesays.com\/afrique\/wp-json\/wp\/v2\/media\/64270"}],"wp:attachment":[{"href":"https:\/\/www.europesays.com\/afrique\/wp-json\/wp\/v2\/media?parent=64269"}],"wp:term":[{"taxonomy":"category","embeddable":true,"href":"https:\/\/www.europesays.com\/afrique\/wp-json\/wp\/v2\/categories?post=64269"},{"taxonomy":"post_tag","embeddable":true,"href":"https:\/\/www.europesays.com\/afrique\/wp-json\/wp\/v2\/tags?post=64269"}],"curies":[{"name":"wp","href":"https:\/\/api.w.org\/{rel}","templated":true}]}}