{"id":64366,"date":"2026-04-02T21:45:16","date_gmt":"2026-04-02T21:45:16","guid":{"rendered":"https:\/\/www.europesays.com\/afrique\/64366\/"},"modified":"2026-04-02T21:45:16","modified_gmt":"2026-04-02T21:45:16","slug":"le-ministere-de-la-communication-prend-une-decision","status":"publish","type":"post","link":"https:\/\/www.europesays.com\/afrique\/64366\/","title":{"rendered":"le minist\u00e8re de la Communication prend une d\u00e9cision"},"content":{"rendered":"<p data-path-to-node=\"2\">Le minist\u00e8re de la Communication, des T\u00e9l\u00e9communications et du Num\u00e9rique a annonc\u00e9 la publication, ce vendredi 3 avril, du rapport d\u00e9taill\u00e9 sur la gestion du Fonds d&rsquo;appui et de d\u00e9veloppement de la presse (FADP). Cette d\u00e9cision s&rsquo;inscrit dans une d\u00e9marche de transparence et de reddition de comptes concernant les ressources publiques allou\u00e9es aux entreprises de presse pour l&rsquo;exercice \u00e9coul\u00e9. <br \/>\u00a0 <\/p>\n<p data-path-to-node=\"3\" style=\"--animation-duration: 432ms;\">L&rsquo;annonce de la sortie de ce document intervient dans un contexte de r\u00e9formes structurelles visant \u00e0 assainir le secteur des m\u00e9dias. Le rapport devrait fournir des pr\u00e9cisions sur les crit\u00e8res d&rsquo;attribution des subventions, l&rsquo;identit\u00e9 des b\u00e9n\u00e9ficiaires ainsi que l&rsquo;utilisation effective des fonds per\u00e7us par les diff\u00e9rents organes de presse. Selon des sources proches du minist\u00e8re, cette initiative r\u00e9pond aux directives du chef de l&rsquo;\u00c9tat concernant la moralisation de la vie publique et la gestion rigoureuse des deniers de l&rsquo;\u00c9tat. <br \/>\u00a0 <\/p>\n<p data-path-to-node=\"4\">Le Fonds d&rsquo;appui et de d\u00e9veloppement de la presse est un m\u00e9canisme destin\u00e9 \u00e0 soutenir la viabilit\u00e9 \u00e9conomique des m\u00e9dias, \u00e0 encourager la formation des journalistes et \u00e0 favoriser la modernisation technique des r\u00e9dactions. Cependant, la r\u00e9partition de ces aides a souvent fait l&rsquo;objet de d\u00e9bats et de critiques de la part de certains acteurs de la profession, d\u00e9non\u00e7ant un manque de visibilit\u00e9 sur les modalit\u00e9s de calcul et les montants octroy\u00e9s. <br \/>\u00a0 <\/p>\n<p data-path-to-node=\"6\">MS\/NDARINFO <br \/>\u00a0 <\/p>\n","protected":false},"excerpt":{"rendered":"Le minist\u00e8re de la Communication, des T\u00e9l\u00e9communications et du Num\u00e9rique a annonc\u00e9 la publication, ce vendredi 3 avril,&hellip;\n","protected":false},"author":2,"featured_media":64367,"comment_status":"","ping_status":"","sticky":false,"template":"","format":"standard","meta":{"footnotes":"","_share_on_mastodon":"0"},"categories":[84],"tags":[24307,13761,13766,11],"class_list":["post-64366","post","type-post","status-publish","format-standard","has-post-thumbnail","category-senegal","tag-actualite-senegal-3-avril-2026","tag-aide-a-la-presse-senegal-2026","tag-fonds-d","tag-senegal"],"share_on_mastodon":{"url":"https:\/\/pubeurope.com\/@afrique\/116337306703960107","error":""},"_links":{"self":[{"href":"https:\/\/www.europesays.com\/afrique\/wp-json\/wp\/v2\/posts\/64366","targetHints":{"allow":["GET"]}}],"collection":[{"href":"https:\/\/www.europesays.com\/afrique\/wp-json\/wp\/v2\/posts"}],"about":[{"href":"https:\/\/www.europesays.com\/afrique\/wp-json\/wp\/v2\/types\/post"}],"author":[{"embeddable":true,"href":"https:\/\/www.europesays.com\/afrique\/wp-json\/wp\/v2\/users\/2"}],"replies":[{"embeddable":true,"href":"https:\/\/www.europesays.com\/afrique\/wp-json\/wp\/v2\/comments?post=64366"}],"version-history":[{"count":0,"href":"https:\/\/www.europesays.com\/afrique\/wp-json\/wp\/v2\/posts\/64366\/revisions"}],"wp:featuredmedia":[{"embeddable":true,"href":"https:\/\/www.europesays.com\/afrique\/wp-json\/wp\/v2\/media\/64367"}],"wp:attachment":[{"href":"https:\/\/www.europesays.com\/afrique\/wp-json\/wp\/v2\/media?parent=64366"}],"wp:term":[{"taxonomy":"category","embeddable":true,"href":"https:\/\/www.europesays.com\/afrique\/wp-json\/wp\/v2\/categories?post=64366"},{"taxonomy":"post_tag","embeddable":true,"href":"https:\/\/www.europesays.com\/afrique\/wp-json\/wp\/v2\/tags?post=64366"}],"curies":[{"name":"wp","href":"https:\/\/api.w.org\/{rel}","templated":true}]}}