{"id":64479,"date":"2026-04-03T00:28:06","date_gmt":"2026-04-03T00:28:06","guid":{"rendered":"https:\/\/www.europesays.com\/afrique\/64479\/"},"modified":"2026-04-03T00:28:06","modified_gmt":"2026-04-03T00:28:06","slug":"en-video-un-cadeau-surprenant-lie-au-senegal-fait-eclater-de-rire-hakimi","status":"publish","type":"post","link":"https:\/\/www.europesays.com\/afrique\/64479\/","title":{"rendered":"En vid\u00e9o : un cadeau surprenant li\u00e9 au S\u00e9n\u00e9gal fait \u00e9clater de rire Hakimi"},"content":{"rendered":"<p>Ashraf Hakimi s&rsquo;est retrouv\u00e9 impliqu\u00e9 dans un incident controvers\u00e9 lors de la finale de la Coupe d&rsquo;Afrique des nations 2025, en tentant de s&#8217;emparer de la serviette du gardien s\u00e9n\u00e9galais \u00c9douard Mendy pendant le match.<\/p>\n<p>Le gardien s\u00e9n\u00e9galais Yevan Diouf a d\u00e9clar\u00e9 apr\u00e8s le match qu&rsquo;il avait d\u00fb se battre pendant plusieurs minutes pour prot\u00e9ger la serviette de son co\u00e9quipier \u00c9douard Mendy, apr\u00e8s que des ramasseurs de balles et des joueurs marocains aient tent\u00e9 de s&rsquo;en emparer lors de la finale de la Coupe d&rsquo;Afrique des nations.<\/p>\n<p>Diouf a ajout\u00e9 dans des propos publi\u00e9s par le journal Le Parisien : \u00ab Nous avions remarqu\u00e9 lors du match pr\u00e9c\u00e9dent qu\u2019ils s\u2019amusaient \u00e0 voler les serviettes du gardien nig\u00e9rian. Pourquoi ? Nous ne savons pas. \u00bb<\/p>\n<p>Il a poursuivi : \u00ab Ils l\u2019ont fait avec nous pendant le temps r\u00e9glementaire, par l\u2019interm\u00e9diaire d\u2019Achraf Hakimi, et ils ont fini par r\u00e9ussir \u00e0 prendre la serviette. Puis, pendant les prolongations, alors que la pluie commen\u00e7ait \u00e0 tomber abondamment, Mory Diaw (le troisi\u00e8me gardien) est all\u00e9 placer des serviettes pr\u00e8s de Mendy, mais ils ont pris les serviettes une deuxi\u00e8me fois. \u00bb<\/p>\n<p>Lire aussi<\/p>\n<p>Le Maroc an\u00e9antit le r\u00eave du S\u00e9n\u00e9gal dans un nouveau tournoi<\/p>\n","protected":false},"excerpt":{"rendered":"Ashraf Hakimi s&rsquo;est retrouv\u00e9 impliqu\u00e9 dans un incident controvers\u00e9 lors de la finale de la Coupe d&rsquo;Afrique des&hellip;\n","protected":false},"author":2,"featured_media":64480,"comment_status":"","ping_status":"","sticky":false,"template":"","format":"standard","meta":{"footnotes":"","_share_on_mastodon":"0"},"categories":[84],"tags":[24329,450,86,451,9563,11,11307,11308],"class_list":["post-64479","post","type-post","status-publish","format-standard","has-post-thumbnail","category-senegal","tag-a-hakimi","tag-africa-cup-of-nations","tag-maroc","tag-morocco","tag-paris-saint-germain","tag-senegal","tag-senegal-vs-maroc","tag-senegal-vs-morocco"],"share_on_mastodon":{"url":"https:\/\/pubeurope.com\/@afrique\/116337947700034972","error":""},"_links":{"self":[{"href":"https:\/\/www.europesays.com\/afrique\/wp-json\/wp\/v2\/posts\/64479","targetHints":{"allow":["GET"]}}],"collection":[{"href":"https:\/\/www.europesays.com\/afrique\/wp-json\/wp\/v2\/posts"}],"about":[{"href":"https:\/\/www.europesays.com\/afrique\/wp-json\/wp\/v2\/types\/post"}],"author":[{"embeddable":true,"href":"https:\/\/www.europesays.com\/afrique\/wp-json\/wp\/v2\/users\/2"}],"replies":[{"embeddable":true,"href":"https:\/\/www.europesays.com\/afrique\/wp-json\/wp\/v2\/comments?post=64479"}],"version-history":[{"count":0,"href":"https:\/\/www.europesays.com\/afrique\/wp-json\/wp\/v2\/posts\/64479\/revisions"}],"wp:featuredmedia":[{"embeddable":true,"href":"https:\/\/www.europesays.com\/afrique\/wp-json\/wp\/v2\/media\/64480"}],"wp:attachment":[{"href":"https:\/\/www.europesays.com\/afrique\/wp-json\/wp\/v2\/media?parent=64479"}],"wp:term":[{"taxonomy":"category","embeddable":true,"href":"https:\/\/www.europesays.com\/afrique\/wp-json\/wp\/v2\/categories?post=64479"},{"taxonomy":"post_tag","embeddable":true,"href":"https:\/\/www.europesays.com\/afrique\/wp-json\/wp\/v2\/tags?post=64479"}],"curies":[{"name":"wp","href":"https:\/\/api.w.org\/{rel}","templated":true}]}}