{"id":64894,"date":"2026-04-03T10:59:07","date_gmt":"2026-04-03T10:59:07","guid":{"rendered":"https:\/\/www.europesays.com\/afrique\/64894\/"},"modified":"2026-04-03T10:59:07","modified_gmt":"2026-04-03T10:59:07","slug":"%d8%a8%d8%a7%d8%a8%d9%8a-%d8%ac%d8%a7%d9%8a%d9%8a-les-algeriens-mont-inonde-de-messages-de-remerciement-apres-mon-but-au-maroc","status":"publish","type":"post","link":"https:\/\/www.europesays.com\/afrique\/64894\/","title":{"rendered":"\u0628\u0627\u0628\u064a \u062c\u0627\u064a\u064a : Les Alg\u00e9riens m\u2019ont inond\u00e9 de messages de remerciement apr\u00e8s mon but au Maroc"},"content":{"rendered":"<p>Pape Gueye, star de la s\u00e9lection s\u00e9n\u00e9galaise, a r\u00e9v\u00e9l\u00e9 sa grande surprise face \u00e0 l\u2019ampleur du soutien qu\u2019il a re\u00e7u de la part des supporters alg\u00e9riens, apr\u00e8s avoir inscrit un but en finale de la CAN 2025 contre le Maroc.<\/p>\n<p>Dans des d\u00e9clarations accord\u00e9es au magazine SoFoot, relay\u00e9es par le r\u00e9seau \u00ab FootMercato \u00bb, Gueye a indiqu\u00e9 avoir re\u00e7u un flot de messages de soutien de fans alg\u00e9riens, qui ont exprim\u00e9 leur joie de le voir contribuer \u00e0 priver le Maroc, leur rival historique sur le plan sportif, d\u2019un deuxi\u00e8me sacre africain.<\/p>\n<p>Le joueur de Villarreal a plaisant\u00e9 : \u00ab Les Alg\u00e9riens ? Pas besoin d\u2019en parler\u2026 Gr\u00e2ce \u00e0 eux, j\u2019ai d\u00e9sormais un million d\u2019abonn\u00e9s sur Instagram. Ils m\u2019ont tous envoy\u00e9 des messages apr\u00e8s le match en disant : \u201cMon fr\u00e8re, on est tr\u00e8s contents, merci, on ne voulait pas que le Maroc gagne !\u201d. \u00bb<\/p>\n<p>Il a ajout\u00e9 en souriant : \u00ab Si je vais en Alg\u00e9rie demain, je pense qu\u2019ils m\u2019accueilleront en limousine ! \u00bb<\/p>\n<p>\u00c0 lire aussi :<\/p>\n<p>Un avocat international \u00e0 Kooora : l\u2019affaire Maroc\u2013S\u00e9n\u00e9gal est plus complexe qu\u2019il n\u2019y para\u00eet\u2026 et voici ma pr\u00e9vision du verdict du TAS<\/p>\n<p>Exclusif Kooora\u2026 Le S\u00e9n\u00e9gal sera-t-il sanctionn\u00e9 pour avoir c\u00e9l\u00e9br\u00e9 la CAN avant la d\u00e9cision du TAS ?<\/p>\n<p>Apr\u00e8s son d\u00e9part d\u2019Oman\u2026 Queiroz r\u00e9v\u00e8le \u00e0 Kooora la v\u00e9rit\u00e9 sur les offres de l\u2019Arabie saoudite et du Ghana<\/p>\n<p>Gueye a inscrit l\u2019unique but de la finale de la CAN 2025, disput\u00e9e il y a plus de deux mois, et conclue par une victoire du S\u00e9n\u00e9gal 1-0, mais le titre n\u2019a pas encore \u00e9t\u00e9 d\u00e9finitivement attribu\u00e9 au S\u00e9n\u00e9gal.<\/p>\n<p>Ce match a en effet \u00e9t\u00e9 marqu\u00e9 par des \u00e9v\u00e9nements dramatiques, \u00e0 la suite desquels les joueurs s\u00e9n\u00e9galais ont quitt\u00e9 la pelouse pendant plusieurs minutes avant d\u2019y revenir.<\/p>\n<p>La F\u00e9d\u00e9ration marocaine de football a profit\u00e9 de cet incident pour d\u00e9poser une r\u00e9clamation, accept\u00e9e par la commission d\u2019appel de la CAF, qui a ent\u00e9rin\u00e9 une victoire sur tapis vert des Lions de l\u2019Atlas 3-0.<\/p>\n<p>Mais le S\u00e9n\u00e9gal n\u2019a pas capitul\u00e9 et a saisi le Tribunal arbitral du sport (TAS), le verdict final \u00e9tant attendu au cours des prochains mois.<\/p>\n<p>Malgr\u00e9 cela, les joueurs de la s\u00e9lection s\u00e9n\u00e9galaise ont c\u00e9l\u00e9br\u00e9 la Coupe d\u2019Afrique \u00e0 deux reprises avant les deux matches amicaux disput\u00e9s par les Lions de la T\u00e9ranga lors de la tr\u00eave de mars, contre le P\u00e9rou et la Gambie.<\/p>\n","protected":false},"excerpt":{"rendered":"Pape Gueye, star de la s\u00e9lection s\u00e9n\u00e9galaise, a r\u00e9v\u00e9l\u00e9 sa grande surprise face \u00e0 l\u2019ampleur du soutien qu\u2019il&hellip;\n","protected":false},"author":2,"featured_media":64895,"comment_status":"","ping_status":"","sticky":false,"template":"","format":"standard","meta":{"footnotes":"","_share_on_mastodon":"0"},"categories":[83],"tags":[450,86,451,24462,11,11307,11308],"class_list":["post-64894","post","type-post","status-publish","format-standard","has-post-thumbnail","category-maroc","tag-africa-cup-of-nations","tag-maroc","tag-morocco","tag-p-gueye","tag-senegal","tag-senegal-vs-maroc","tag-senegal-vs-morocco"],"share_on_mastodon":{"url":"https:\/\/pubeurope.com\/@afrique\/116340428795056358","error":""},"_links":{"self":[{"href":"https:\/\/www.europesays.com\/afrique\/wp-json\/wp\/v2\/posts\/64894","targetHints":{"allow":["GET"]}}],"collection":[{"href":"https:\/\/www.europesays.com\/afrique\/wp-json\/wp\/v2\/posts"}],"about":[{"href":"https:\/\/www.europesays.com\/afrique\/wp-json\/wp\/v2\/types\/post"}],"author":[{"embeddable":true,"href":"https:\/\/www.europesays.com\/afrique\/wp-json\/wp\/v2\/users\/2"}],"replies":[{"embeddable":true,"href":"https:\/\/www.europesays.com\/afrique\/wp-json\/wp\/v2\/comments?post=64894"}],"version-history":[{"count":0,"href":"https:\/\/www.europesays.com\/afrique\/wp-json\/wp\/v2\/posts\/64894\/revisions"}],"wp:featuredmedia":[{"embeddable":true,"href":"https:\/\/www.europesays.com\/afrique\/wp-json\/wp\/v2\/media\/64895"}],"wp:attachment":[{"href":"https:\/\/www.europesays.com\/afrique\/wp-json\/wp\/v2\/media?parent=64894"}],"wp:term":[{"taxonomy":"category","embeddable":true,"href":"https:\/\/www.europesays.com\/afrique\/wp-json\/wp\/v2\/categories?post=64894"},{"taxonomy":"post_tag","embeddable":true,"href":"https:\/\/www.europesays.com\/afrique\/wp-json\/wp\/v2\/tags?post=64894"}],"curies":[{"name":"wp","href":"https:\/\/api.w.org\/{rel}","templated":true}]}}