{"id":65736,"date":"2026-04-04T08:12:07","date_gmt":"2026-04-04T08:12:07","guid":{"rendered":"https:\/\/www.europesays.com\/afrique\/65736\/"},"modified":"2026-04-04T08:12:07","modified_gmt":"2026-04-04T08:12:07","slug":"apres-la-crise-entre-le-maroc-et-le-senegal-lafrique-change-pour-toujours","status":"publish","type":"post","link":"https:\/\/www.europesays.com\/afrique\/65736\/","title":{"rendered":"Apr\u00e8s la crise entre le Maroc et le S\u00e9n\u00e9gal\u2026 L&rsquo;Afrique change pour toujours"},"content":{"rendered":"<p>Le football sur le continent africain n&rsquo;est plus ce qu&rsquo;il \u00e9tait&#8230; C&rsquo;est ainsi que le journal espagnol \u00ab AS \u00bb a introduit son article sur une crise sans pr\u00e9c\u00e9dent qui a \u00e9branl\u00e9 les fondements du football africain. En effet, les \u00e9v\u00e9nements qui se sont d\u00e9roul\u00e9s dans les derni\u00e8res minutes de la finale de la derni\u00e8re Coupe d&rsquo;Afrique des nations ne se sont pas termin\u00e9s avec le coup de sifflet de l&rsquo;arbitre, mais se sont transform\u00e9s en un conflit juridique acharn\u00e9 entre le S\u00e9n\u00e9gal et le Maroc, qui a atteint les couloirs des tribunaux et reste en suspens \u00e0 l&rsquo;heure actuelle.<\/p>\n<p>Le journal a pr\u00e9cis\u00e9 que l&rsquo;acceptation par le Tribunal arbitral du sport de l&rsquo;appel du S\u00e9n\u00e9gal a fait entrer l&rsquo;affaire dans une nouvelle phase de complexit\u00e9, les deux parties attendant une d\u00e9cision finale qui d\u00e9terminera l&rsquo;identit\u00e9 du vainqueur.<\/p>\n<p>M\u00eame si la d\u00e9cision attendue pourrait mettre un terme juridique \u00e0 la crise, ses r\u00e9percussions sur le public et dans les m\u00e9dias semblent vou\u00e9es \u00e0 perdurer, compte tenu de la division marqu\u00e9e des points de vue.<\/p>\n<p>T\u00e9moignant de l\u2019ampleur des tensions, un journaliste marocain a d\u00e9clar\u00e9, lors d\u2019une interview r\u00e9alis\u00e9e en marge du match amical entre le Maroc et l\u2019\u00c9quateur, que ce qui s\u2019\u00e9tait pass\u00e9 \u00ab arrivait bien trop tard \u00bb, ajoutant : \u00ab On n\u2019aurait pas d\u00fb en arriver l\u00e0. Le S\u00e9n\u00e9gal s\u2019est retir\u00e9, et le Maroc aurait d\u00fb \u00eatre sacr\u00e9 champion \u00e0 ce moment-l\u00e0. C\u2019est tout simplement la v\u00e9rit\u00e9. \u00bb<\/p>\n<p>Un conflit qui d\u00e9passe les limites du terrain<\/p>\n<p>La crise n\u2019est plus seulement un diff\u00e9rend sportif entre deux \u00e9quipes, mais commence \u00e0 prendre des dimensions plus larges qui menacent d\u2019entra\u00eener de nouvelles parties dans le cercle de tension. Le journal a r\u00e9v\u00e9l\u00e9 que la F\u00e9d\u00e9ration marocaine de football envisageait d\u00e9j\u00e0 de d\u00e9poser une plainte contre la F\u00e9d\u00e9ration fran\u00e7aise de football, au motif qu\u2019elle avait autoris\u00e9 les c\u00e9l\u00e9brations de l\u2019\u00e9quipe du S\u00e9n\u00e9gal lors d\u2019un match amical disput\u00e9 \u00e0 Saint-Denis.<\/p>\n<p>Vid\u00e9o : une sc\u00e8ne absurde\u2026 C\u00e9l\u00e9brations marocaines et s\u00e9n\u00e9galaises de la Coupe d\u2019Afrique en une seule nuit<\/p>\n<p>Vid\u00e9o : nouvelle c\u00e9l\u00e9bration devant les supporters&#8230; Le S\u00e9n\u00e9gal exhibe la Coupe d&rsquo;Afrique pour la deuxi\u00e8me fois<\/p>\n<p>Cette escalade refl\u00e8te l&rsquo;ampleur de l&rsquo;imbroglio, qui ne se limite plus \u00e0 la finale controvers\u00e9e, mais s&rsquo;\u00e9tend d\u00e9sormais \u00e0 la sc\u00e8ne footballistique internationale, voire \u00e0 certaines instances li\u00e9es \u00e0 l&rsquo;organisation de grands tournois, au premier rang desquels la Coupe du monde.<\/p>\n<p>Selon le rapport, la tension est devenue palpable au sein du milieu footballistique africain, alors que de nombreux joueurs ont pr\u00e9f\u00e9r\u00e9 garder le silence pour \u00e9viter de s&rsquo;immiscer dans un dossier sensible qui touche directement l&rsquo;avenir du football sur le continent.<\/p>\n<p>En conclusion de son article, le journal a soulign\u00e9 que le dernier mot n&rsquo;avait pas encore \u00e9t\u00e9 dit et que la d\u00e9cision finale aurait des r\u00e9percussions allant bien au-del\u00e0 de la simple d\u00e9signation d&rsquo;un champion, marquant ainsi un tournant d\u00e9cisif dans l&rsquo;histoire du football africain, qui aspire \u00e0 rivaliser avec ses homologues europ\u00e9ens et sud-am\u00e9ricains, mais qui reste confront\u00e9e \u00e0 des conflits qui jettent une ombre pesante sur son d\u00e9veloppement.<\/p>\n","protected":false},"excerpt":{"rendered":"Le football sur le continent africain n&rsquo;est plus ce qu&rsquo;il \u00e9tait&#8230; C&rsquo;est ainsi que le journal espagnol \u00ab&hellip;\n","protected":false},"author":2,"featured_media":65737,"comment_status":"","ping_status":"","sticky":false,"template":"","format":"standard","meta":{"footnotes":"","_share_on_mastodon":"0"},"categories":[4],"tags":[450,6,86,451,11,11307,11308],"class_list":["post-65736","post","type-post","status-publish","format-standard","has-post-thumbnail","category-afrique","tag-africa-cup-of-nations","tag-afrique","tag-maroc","tag-morocco","tag-senegal","tag-senegal-vs-maroc","tag-senegal-vs-morocco"],"share_on_mastodon":{"url":"https:\/\/pubeurope.com\/@afrique\/116345434472849942","error":""},"_links":{"self":[{"href":"https:\/\/www.europesays.com\/afrique\/wp-json\/wp\/v2\/posts\/65736","targetHints":{"allow":["GET"]}}],"collection":[{"href":"https:\/\/www.europesays.com\/afrique\/wp-json\/wp\/v2\/posts"}],"about":[{"href":"https:\/\/www.europesays.com\/afrique\/wp-json\/wp\/v2\/types\/post"}],"author":[{"embeddable":true,"href":"https:\/\/www.europesays.com\/afrique\/wp-json\/wp\/v2\/users\/2"}],"replies":[{"embeddable":true,"href":"https:\/\/www.europesays.com\/afrique\/wp-json\/wp\/v2\/comments?post=65736"}],"version-history":[{"count":0,"href":"https:\/\/www.europesays.com\/afrique\/wp-json\/wp\/v2\/posts\/65736\/revisions"}],"wp:featuredmedia":[{"embeddable":true,"href":"https:\/\/www.europesays.com\/afrique\/wp-json\/wp\/v2\/media\/65737"}],"wp:attachment":[{"href":"https:\/\/www.europesays.com\/afrique\/wp-json\/wp\/v2\/media?parent=65736"}],"wp:term":[{"taxonomy":"category","embeddable":true,"href":"https:\/\/www.europesays.com\/afrique\/wp-json\/wp\/v2\/categories?post=65736"},{"taxonomy":"post_tag","embeddable":true,"href":"https:\/\/www.europesays.com\/afrique\/wp-json\/wp\/v2\/tags?post=65736"}],"curies":[{"name":"wp","href":"https:\/\/api.w.org\/{rel}","templated":true}]}}